{"id":25116,"date":"2018-11-19T11:34:02","date_gmt":"2018-11-19T14:34:02","guid":{"rendered":"http:\/\/www.corumbaonline.com.br\/news\/?p=25116"},"modified":"2018-11-19T11:21:37","modified_gmt":"2018-11-19T14:21:37","slug":"roberto-castello-branco-deve-assumir-presidencia-da-petrobras","status":"publish","type":"post","link":"https:\/\/www.corumbaonline.com.br\/news\/roberto-castello-branco-deve-assumir-presidencia-da-petrobras\/","title":{"rendered":"Roberto Castello Branco deve assumir presid\u00eancia da Petrobras"},"content":{"rendered":"<p>O economista Roberto Castello Branco deve assumir o comando da Petrobras por indica\u00e7\u00e3o de \u00a0Paulo Guedes, confirmado para o Minist\u00e9rio da Economia (que deve englobar Fazenda, Planejamento, Ind\u00fastria e Com\u00e9rcio Exterior). A informa\u00e7\u00e3o foi divulgada hoje (19) pela equipe de Guedes.<\/p>\n<div class=\"dnd-widget-wrapper context-cheio_8colunas type-image\">\n<div class=\"dnd-atom-rendered\">\n<figure class=\"mejs-fotoh-wrapper\">\n<p><figure style=\"width: 754px\" class=\"wp-caption alignnone\"><img loading=\"lazy\" decoding=\"async\" class=\"img-responsive full full\" title=\"Assessoria de imprensa\/Divulga\u00e7\u00e3o \/ direitos reservados\" src=\"http:\/\/imagens.ebc.com.br\/4DxFHIIJ59tP0kkDkeUmszxfcVY=\/754x0\/smart\/http:\/\/agenciabrasil.ebc.com.br\/sites\/default\/files\/thumbnails\/image\/32087_2_l.jpg?itok=bBsezrLR\" alt=\"Roberto Castello Branco: economista doutorado em Economia pela FGV e p\u00f3s-doutorado tamb\u00e9m em Economia pela Universidade de Chicago (Assessoria de imprensa\/Divulga\u00e7\u00e3o)\" width=\"754\" height=\"508\" \/><figcaption class=\"wp-caption-text\">Roberto Castello Branco (Assessoria de Imprensa\/Divulga\u00e7\u00e3o \/ Direitos reservados)<\/figcaption><\/figure><\/figure>\n<\/div>\n<\/div>\n<p>Castello Branco \u00e9 economista, com p\u00f3s-doutorado pela Universidade de Chicago e \u201cextensa experi\u00eancia nos setores p\u00fablico e privado\u201d.<\/p>\n<p>J\u00e1 ocupou cargos de dire\u00e7\u00e3o no Banco Central e na mineradora Vale, fez parte do Conselho de Administra\u00e7\u00e3o da Petrobras e desenvolveu projetos de pesquisa na \u00e1rea de petr\u00f3leo e g\u00e1s.<\/p>\n<p>O futuro presidente da Petrobras \u00e9 diretor do Centro de Estudos em Crescimento e Desenvolvimento Econ\u00f4mico da Funda\u00e7\u00e3o Getulio Vargas. O atual presidente da estatal, Ivan Monteiro, permanece no comando at\u00e9 a nomea\u00e7\u00e3o de Castello Branco.<\/p>\n","protected":false},"excerpt":{"rendered":"<p>O economista Roberto Castello Branco deve assumir o comando da Petrobras por indica\u00e7\u00e3o de \u00a0Paulo&#8230;<\/p>\n","protected":false},"author":1,"featured_media":0,"comment_status":"closed","ping_status":"closed","sticky":false,"template":"","format":"standard","meta":{"footnotes":""},"categories":[19],"tags":[],"class_list":["post-25116","post","type-post","status-publish","format-standard","hentry","category-politica"],"_links":{"self":[{"href":"https:\/\/www.corumbaonline.com.br\/news\/wp-json\/wp\/v2\/posts\/25116","targetHints":{"allow":["GET"]}}],"collection":[{"href":"https:\/\/www.corumbaonline.com.br\/news\/wp-json\/wp\/v2\/posts"}],"about":[{"href":"https:\/\/www.corumbaonline.com.br\/news\/wp-json\/wp\/v2\/types\/post"}],"author":[{"embeddable":true,"href":"https:\/\/www.corumbaonline.com.br\/news\/wp-json\/wp\/v2\/users\/1"}],"replies":[{"embeddable":true,"href":"https:\/\/www.corumbaonline.com.br\/news\/wp-json\/wp\/v2\/comments?post=25116"}],"version-history":[{"count":1,"href":"https:\/\/www.corumbaonline.com.br\/news\/wp-json\/wp\/v2\/posts\/25116\/revisions"}],"predecessor-version":[{"id":25117,"href":"https:\/\/www.corumbaonline.com.br\/news\/wp-json\/wp\/v2\/posts\/25116\/revisions\/25117"}],"wp:attachment":[{"href":"https:\/\/www.corumbaonline.com.br\/news\/wp-json\/wp\/v2\/media?parent=25116"}],"wp:term":[{"taxonomy":"category","embeddable":true,"href":"https:\/\/www.corumbaonline.com.br\/news\/wp-json\/wp\/v2\/categories?post=25116"},{"taxonomy":"post_tag","embeddable":true,"href":"https:\/\/www.corumbaonline.com.br\/news\/wp-json\/wp\/v2\/tags?post=25116"}],"curies":[{"name":"wp","href":"https:\/\/api.w.org\/{rel}","templated":true}]}}