{"id":25118,"date":"2018-11-19T11:46:12","date_gmt":"2018-11-19T14:46:12","guid":{"rendered":"http:\/\/www.corumbaonline.com.br\/news\/?p=25118"},"modified":"2018-11-19T11:23:48","modified_gmt":"2018-11-19T14:23:48","slug":"publicada-exoneracao-de-sergio-moro-no-diario-oficial-da-uniao","status":"publish","type":"post","link":"https:\/\/www.corumbaonline.com.br\/news\/publicada-exoneracao-de-sergio-moro-no-diario-oficial-da-uniao\/","title":{"rendered":"Publicada exonera\u00e7\u00e3o de Sergio Moro no Di\u00e1rio Oficial da Uni\u00e3o"},"content":{"rendered":"<p>A exonera\u00e7\u00e3o do juiz federal Sergio Moro foi publicada hoje (19), no\u00a0<a href=\"http:\/\/portal.imprensanacional.gov.br\/materia\/-\/asset_publisher\/Kujrw0TZC2Mb\/content\/id\/50690561\/do2-2018-11-19-ato-n-428-de-16-de-novembro-de-2018-50690320\" target=\"_blank\" rel=\"noopener noreferrer\"><em>Di\u00e1rio Oficial da Uni\u00e3o<\/em><\/a>, se\u00e7\u00e3o 2, p\u00e1gina 47. Ele assumir\u00e1 o super Minist\u00e9rio da Justi\u00e7a, que agregar\u00e1 a Seguran\u00e7a P\u00fablica e parte do Conselho de Controle de Atividades Financeiras. Tamb\u00e9m deve participar da equipe de transi\u00e7\u00e3o do governo.<\/p>\n<p>O ato de n\u00famero 428 \u00e9 assinado pelo presidente do Tribunal Regional Federal da 4\u00aa regi\u00e3o,<a href=\"http:\/\/portal.imprensanacional.gov.br\/materia\/-\/asset_publisher\/Kujrw0TZC2Mb\/content\/id\/50690561\/do2-2018-11-19-ato-n-428-de-16-de-novembro-de-2018-50690320\" target=\"_blank\" rel=\"noopener noreferrer\">\u00a0Carlos Eduardo Thompson Flores<\/a>, informando que a exonera\u00e7\u00e3o ocorre a pedido do pr\u00f3prio Moro. Na sexta-feira (16) ele enviou of\u00edcio formalizando o pedido.<\/p>\n<div class=\"dnd-widget-wrapper context-cheio_8colunas type-image\">\n<div class=\"dnd-atom-rendered\">\n<figure class=\"mejs-fotoh-wrapper\">\n<p><figure style=\"width: 754px\" class=\"wp-caption alignnone\"><img loading=\"lazy\" decoding=\"async\" class=\"img-responsive full full\" title=\"Fabio Rodrigues Pozzebom\/Ag\u00eancia Brasil\" src=\"http:\/\/imagens.ebc.com.br\/L6PT2WkAPjMFbB7n_hcjAsDKa7Q=\/754x0\/smart\/http:\/\/agenciabrasil.ebc.com.br\/sites\/default\/files\/atoms\/image\/975036-09-09-2015-dsc_2143.jpg?itok=tK0CFw7Q\" alt=\"O juiz federal Sergio Moro participa na Comiss\u00e3o de Constitui\u00e7\u00e3o, Justi\u00e7a e Cidadania (CCJ) do Senado de audi\u00eancia p\u00fablica sobre projeto que altera o C\u00f3digo de Processo Penal (Fabio Rodrigues Pozzebom\/Ag\u00eancia Brasil)\" width=\"754\" height=\"502\" \/><figcaption class=\"wp-caption-text\">Sergio Moro trocar\u00e1 Curitiba por Bras\u00edlia, onde ser\u00e1 ministro da Justi\u00e7a (Fabio Rodrigues Pozzebom\/Ag\u00eancia Brasil)<\/figcaption><\/figure><\/figure>\n<\/div>\n<\/div>\n<p>No pedido de exonera\u00e7\u00e3o, Moro argumentou que pretende \u201corganizar a transi\u00e7\u00e3o e as futuras a\u00e7\u00f5es do Minist\u00e9rio da Justi\u00e7a\u201d. \u201cHouve quem reclamasse que eu, mesmo em f\u00e9rias, afastado da jurisdi\u00e7\u00e3o e sem assumir cargo executivo, n\u00e3o poderia sequer participar do planejamento de a\u00e7\u00f5es do futuro governo.\u201d<\/p>\n<p>Em substitui\u00e7\u00e3o a Moro no comando dos processos da Opera\u00e7\u00e3o Lava Jato ficar\u00e1 temporariamente a ju\u00edza Gabriela Hardt. Como substituta, ela n\u00e3o pode assumir de forma definitiva a vaga de Moro.<\/p>\n<p>Ap\u00f3s a publica\u00e7\u00e3o do ato de exonera\u00e7\u00e3o, deve ser expedido o edital para concurso de remo\u00e7\u00e3o. A remo\u00e7\u00e3o \u00e9 um concurso interno entre magistrados da Justi\u00e7a Federal da 4\u00aa Regi\u00e3o para preenchimento de vagas.<\/p>\n","protected":false},"excerpt":{"rendered":"<p>A exonera\u00e7\u00e3o do juiz federal Sergio Moro foi publicada hoje (19), no\u00a0Di\u00e1rio Oficial da Uni\u00e3o,&#8230;<\/p>\n","protected":false},"author":1,"featured_media":0,"comment_status":"closed","ping_status":"closed","sticky":false,"template":"","format":"standard","meta":{"footnotes":""},"categories":[19],"tags":[],"class_list":["post-25118","post","type-post","status-publish","format-standard","hentry","category-politica"],"_links":{"self":[{"href":"https:\/\/www.corumbaonline.com.br\/news\/wp-json\/wp\/v2\/posts\/25118","targetHints":{"allow":["GET"]}}],"collection":[{"href":"https:\/\/www.corumbaonline.com.br\/news\/wp-json\/wp\/v2\/posts"}],"about":[{"href":"https:\/\/www.corumbaonline.com.br\/news\/wp-json\/wp\/v2\/types\/post"}],"author":[{"embeddable":true,"href":"https:\/\/www.corumbaonline.com.br\/news\/wp-json\/wp\/v2\/users\/1"}],"replies":[{"embeddable":true,"href":"https:\/\/www.corumbaonline.com.br\/news\/wp-json\/wp\/v2\/comments?post=25118"}],"version-history":[{"count":1,"href":"https:\/\/www.corumbaonline.com.br\/news\/wp-json\/wp\/v2\/posts\/25118\/revisions"}],"predecessor-version":[{"id":25119,"href":"https:\/\/www.corumbaonline.com.br\/news\/wp-json\/wp\/v2\/posts\/25118\/revisions\/25119"}],"wp:attachment":[{"href":"https:\/\/www.corumbaonline.com.br\/news\/wp-json\/wp\/v2\/media?parent=25118"}],"wp:term":[{"taxonomy":"category","embeddable":true,"href":"https:\/\/www.corumbaonline.com.br\/news\/wp-json\/wp\/v2\/categories?post=25118"},{"taxonomy":"post_tag","embeddable":true,"href":"https:\/\/www.corumbaonline.com.br\/news\/wp-json\/wp\/v2\/tags?post=25118"}],"curies":[{"name":"wp","href":"https:\/\/api.w.org\/{rel}","templated":true}]}}