{"id":25122,"date":"2018-11-19T14:30:26","date_gmt":"2018-11-19T17:30:26","guid":{"rendered":"http:\/\/www.corumbaonline.com.br\/news\/?p=25122"},"modified":"2018-11-19T14:44:31","modified_gmt":"2018-11-19T17:44:31","slug":"comeca-hoje-o-prazo-para-aderir-ao-programa-saude-na-escola","status":"publish","type":"post","link":"https:\/\/www.corumbaonline.com.br\/news\/comeca-hoje-o-prazo-para-aderir-ao-programa-saude-na-escola\/","title":{"rendered":"Come\u00e7a hoje o prazo para aderir ao programa Sa\u00fade na Escola"},"content":{"rendered":"<p>Gestores municipais de sa\u00fade e de educa\u00e7\u00e3o dever\u00e3o indicar as escolas p\u00fablicas para participar do novo ciclo do Programa Sa\u00fade na Escola (PSE). O prazo para que isso seja feito come\u00e7a hoje (19) e vai at\u00e9 o dia 15 de fevereiro de 2019.<\/p>\n<div class=\"dnd-widget-wrapper context-cheio_8colunas type-image\">\n<div class=\"dnd-atom-rendered\">\n<figure class=\"mejs-fotoh-wrapper\">\n<p><figure style=\"width: 754px\" class=\"wp-caption alignnone\"><img loading=\"lazy\" decoding=\"async\" class=\"img-responsive full full\" title=\"Antonio Cruz\/Ag\u00eancia Brasil\" src=\"http:\/\/imagens.ebc.com.br\/wfRpzRlkjl5UP7-IiM9KLxymZo8=\/754x0\/smart\/http:\/\/agenciabrasil.ebc.com.br\/sites\/default\/files\/atoms\/image\/1005755-11032016-dsc_2927.jpg?itok=lbxRuJkj\" alt=\"Bras\u00edlia \u2013 O ministro da Sa\u00fade, Marcelo Castro, em mais uma etapa da campanha nacional de combate ao Aedes aegypti, fala no encerramento da Semana Sa\u00fade na Escola para alunos do Centro Educacional 01 da Cidade Estrutural (Antonio Cruz\" width=\"754\" height=\"541\" \/><figcaption class=\"wp-caption-text\">Semana Sa\u00fade na Escola (Antonio Cruz\/Arquivo Ag\u00eancia Brasil)<\/figcaption><\/figure><\/figure>\n<\/div>\n<\/div>\n<p>As escolas credenciadas dever\u00e3o desenvolver 12 a\u00e7\u00f5es envolvendo temas como incentivo \u00e0 atividade f\u00edsica, combate ao Aedes egypti, preven\u00e7\u00e3o de viol\u00eancia e acidentes, verifica\u00e7\u00e3o e atualiza\u00e7\u00e3o da situa\u00e7\u00e3o vacinal. Cada centro de ensino dever\u00e1 desenvolver a\u00e7\u00f5es levando em considera\u00e7\u00e3o o n\u00edvel de ensino, as demandas da escola e do territ\u00f3rio no qual est\u00e1 localizada, al\u00e9m da an\u00e1lise de situa\u00e7\u00e3o de sa\u00fade local.<\/p>\n<p>Ao contr\u00e1rio das edi\u00e7\u00f5es anteriores, segundo o Minist\u00e9rio da Sa\u00fade, para participar do programa os munic\u00edpios dever\u00e3o indicar a escola e n\u00e3o mais o n\u00edvel de ensino. Dessa forma, em conjunto com as equipes da aten\u00e7\u00e3o b\u00e1sica, as institui\u00e7\u00f5es assumem o compromisso de desenvolver atividades envolvendo as 12 a\u00e7\u00f5es para o cuidado \u00e0 sa\u00fade no ambiente escolar.<\/p>\n<p><strong>Ades\u00e3o<\/strong><\/p>\n<p>Para aderir ao PSE, os gestores ter\u00e3o que incluir as escolas no\u00a0<em>site<\/em>\u00a0<a href=\"https:\/\/egestorab.saude.gov.br\/\" target=\"_blank\" rel=\"noopener noreferrer\">e-Gestor Aten\u00e7\u00e3o B\u00e1sica<\/a>, espa\u00e7o para informa\u00e7\u00e3o e acesso aos sistemas da aten\u00e7\u00e3o b\u00e1sica. O acesso deve ser feito com CPF e senha do perfil cadastrado como \u201cgestor municipal vinculado ao m\u00f3dulo PSE&#8221;. Caso o gestor n\u00e3o tenha entrada habilitada ou perfil no m\u00f3dulo PSE, \u00e9 o CNPJ e a senha do Fundo Municipal de Sa\u00fade que devem gerenciar o cadastro.<\/p>\n<p>De acordo com o Minist\u00e9rio da Sa\u00fade, o programa ter\u00e1 investimento anual de R$ 89 milh\u00f5es. Esse ciclo de ades\u00e3o ser\u00e1 de dois anos, com libera\u00e7\u00e3o dos recursos a cada 12 meses. Caso os recursos n\u00e3o sejam integralmente executados, os valores dever\u00e3o ser devolvidos.<\/p>\n<p>O programa, dos minist\u00e9rios da Sa\u00fade e da Educa\u00e7\u00e3o, prev\u00ea recursos financeiros para os munic\u00edpios desenvolverem a\u00e7\u00f5es de preven\u00e7\u00e3o e promo\u00e7\u00e3o da sa\u00fade no ambiente escolar. Atualmente, o programa atende a 90% dos munic\u00edpios brasileiros, envolvendo mais de 20 milh\u00f5es de estudantes de 85.706 escolas e mais de 36 mil equipes da aten\u00e7\u00e3o b\u00e1sica do Sistema \u00danico de Sa\u00fade.<\/p>\n","protected":false},"excerpt":{"rendered":"<p>Gestores municipais de sa\u00fade e de educa\u00e7\u00e3o dever\u00e3o indicar as escolas p\u00fablicas para participar do&#8230;<\/p>\n","protected":false},"author":1,"featured_media":0,"comment_status":"closed","ping_status":"closed","sticky":false,"template":"","format":"standard","meta":{"footnotes":""},"categories":[10,21],"tags":[],"class_list":["post-25122","post","type-post","status-publish","format-standard","hentry","category-educacao","category-saude"],"_links":{"self":[{"href":"https:\/\/www.corumbaonline.com.br\/news\/wp-json\/wp\/v2\/posts\/25122","targetHints":{"allow":["GET"]}}],"collection":[{"href":"https:\/\/www.corumbaonline.com.br\/news\/wp-json\/wp\/v2\/posts"}],"about":[{"href":"https:\/\/www.corumbaonline.com.br\/news\/wp-json\/wp\/v2\/types\/post"}],"author":[{"embeddable":true,"href":"https:\/\/www.corumbaonline.com.br\/news\/wp-json\/wp\/v2\/users\/1"}],"replies":[{"embeddable":true,"href":"https:\/\/www.corumbaonline.com.br\/news\/wp-json\/wp\/v2\/comments?post=25122"}],"version-history":[{"count":1,"href":"https:\/\/www.corumbaonline.com.br\/news\/wp-json\/wp\/v2\/posts\/25122\/revisions"}],"predecessor-version":[{"id":25124,"href":"https:\/\/www.corumbaonline.com.br\/news\/wp-json\/wp\/v2\/posts\/25122\/revisions\/25124"}],"wp:attachment":[{"href":"https:\/\/www.corumbaonline.com.br\/news\/wp-json\/wp\/v2\/media?parent=25122"}],"wp:term":[{"taxonomy":"category","embeddable":true,"href":"https:\/\/www.corumbaonline.com.br\/news\/wp-json\/wp\/v2\/categories?post=25122"},{"taxonomy":"post_tag","embeddable":true,"href":"https:\/\/www.corumbaonline.com.br\/news\/wp-json\/wp\/v2\/tags?post=25122"}],"curies":[{"name":"wp","href":"https:\/\/api.w.org\/{rel}","templated":true}]}}