{"id":25133,"date":"2018-11-19T16:18:03","date_gmt":"2018-11-19T19:18:03","guid":{"rendered":"http:\/\/www.corumbaonline.com.br\/news\/?p=25133"},"modified":"2018-11-19T16:18:31","modified_gmt":"2018-11-19T19:18:31","slug":"selecao-para-o-mais-medicos-tera-limitador-de-vagas-por-municipio","status":"publish","type":"post","link":"https:\/\/www.corumbaonline.com.br\/news\/selecao-para-o-mais-medicos-tera-limitador-de-vagas-por-municipio\/","title":{"rendered":"Sele\u00e7\u00e3o para o Mais M\u00e9dicos ter\u00e1 limitador de vagas por munic\u00edpio"},"content":{"rendered":"<p>O ministro da Sa\u00fade, Gilberto Occhi, anunciou nesta segunda-feira (19) que o edital para a convoca\u00e7\u00e3o de profissionais que v\u00e3o substituir os cubanos no programa Mais M\u00e9dicos ocorrer\u00e1 de forma diferente. Para garantir a transfer\u00eancia de m\u00e9dicos para as cidades onde atuam os profissionais de Cuba, o governo vai criar um limitador de vagas para cada munic\u00edpio.<\/p>\n<p>O an\u00fancio foi feito durante encontro do presidente Michel Temer com prefeitos na sede da Confedera\u00e7\u00e3o Nacional dos Munic\u00edpios (CNM), em Bras\u00edlia, ocasi\u00e3o em que Occhi assinou uma norma permitindo a libera\u00e7\u00e3o do edital, que ser\u00e1 publicado amanh\u00e3 (20) no Di\u00e1rio Oficial da Uni\u00e3o.<\/p>\n<div class=\"dnd-widget-wrapper context-grande_6colunas type-image atom-align-left\">\n<div class=\"dnd-atom-rendered\">\n<figure class=\"mejs-fotoh-wrapper\">\n<p><figure style=\"width: 463px\" class=\"wp-caption alignnone\"><img loading=\"lazy\" decoding=\"async\" class=\"img-responsive full full\" title=\"Jos\u00e9 Cruz\/Ag\u00eancia Brasil\" src=\"http:\/\/imagens.ebc.com.br\/oqu44HpOAKiaIUdWHlLaQg50qaA=\/463x0\/smart\/http:\/\/agenciabrasil.ebc.com.br\/sites\/default\/files\/thumbnails\/image\/jfcrz_abr_3107182462df.jpg?itok=bAyfgML9\" alt=\"O ministro da Sa\u00fade, Gilberto Occhi, lan\u00e7a a Campanha Nacional de Vacina\u00e7\u00e3o contra a poliomielite e sarampo.\" width=\"463\" height=\"309\" \/><figcaption class=\"wp-caption-text\">Ministro da Sa\u00fade, Gilberto Occhi, disse que o Mais M\u00e9dicos ter\u00e1 limitador de vagas por munic\u00edpio (Arquivo\/Ag\u00eancia Brasil)<\/figcaption><\/figure><\/figure>\n<\/div>\n<\/div>\n<p>Ao todo, o edital disponibilizar\u00e1 8.500 vagas a serem oferecidas a todos os m\u00e9dicos que t\u00eam CRM, brasileiros ou estrangeiros formados no Brasil.<\/p>\n<p>A partir de quarta-feira (21), os m\u00e9dicos brasileiros interessados em suprir as vagas deixadas pelos cubanos poder\u00e3o se inscrever para a sele\u00e7\u00e3o. Caso o n\u00famero de m\u00e9dicos de um munic\u00edpio seja preenchido, ele n\u00e3o poder\u00e1 mais ser escolhido pelos concorrentes ao cargo, como ocorria antes.<\/p>\n<p>As medidas s\u00e3o para evitar que cidades tenham muita procura e outras fiquem sem interessados. De acordo com a CNM, entre os mais de 1.500 munic\u00edpios que t\u00eam somente m\u00e9dico cubano no programa, 80% t\u00eam menos de 20 mil habitantes e correm o risco de sofrer com desassist\u00eancia b\u00e1sica de sa\u00fade.<\/p>\n<p>Segundo o ministro Gilberto Occhi, 17 mil m\u00e9dicos brasileiros aguardam a divulga\u00e7\u00e3o desses editais. Occhi anunciou ainda que o governo estuda uma &#8220;forma mais \u00e1gil e mais r\u00e1pida para implanta\u00e7\u00e3o de um novo Revalida, para que m\u00e9dicos brasileiros formados no exterior possam exercer a sua profiss\u00e3o com seguran\u00e7a&#8221;.<\/p>\n<p>O Exame Nacional de Revalida\u00e7\u00e3o de Diplomas M\u00e9dicos Expedidos por Institui\u00e7\u00f5es de Educa\u00e7\u00e3o Superior Estrangeira (Revalida) reconhece os diplomas de m\u00e9dicos que se formaram no exterior e querem trabalhar no Brasil. O exame \u00e9 feito tanto por estrangeiros quanto por brasileiros que se graduaram em outro pa\u00eds e querem exercer a profiss\u00e3o.<\/p>\n<p>Na pr\u00f3xima segunda-feira (26), um novo edital ser\u00e1 aberto para m\u00e9dicos brasileiros e estrangeiros formados exterior.<\/p>\n","protected":false},"excerpt":{"rendered":"<p>O ministro da Sa\u00fade, Gilberto Occhi, anunciou nesta segunda-feira (19) que o edital para a&#8230;<\/p>\n","protected":false},"author":1,"featured_media":0,"comment_status":"closed","ping_status":"closed","sticky":false,"template":"","format":"standard","meta":{"footnotes":""},"categories":[19,21],"tags":[],"class_list":["post-25133","post","type-post","status-publish","format-standard","hentry","category-politica","category-saude"],"_links":{"self":[{"href":"https:\/\/www.corumbaonline.com.br\/news\/wp-json\/wp\/v2\/posts\/25133","targetHints":{"allow":["GET"]}}],"collection":[{"href":"https:\/\/www.corumbaonline.com.br\/news\/wp-json\/wp\/v2\/posts"}],"about":[{"href":"https:\/\/www.corumbaonline.com.br\/news\/wp-json\/wp\/v2\/types\/post"}],"author":[{"embeddable":true,"href":"https:\/\/www.corumbaonline.com.br\/news\/wp-json\/wp\/v2\/users\/1"}],"replies":[{"embeddable":true,"href":"https:\/\/www.corumbaonline.com.br\/news\/wp-json\/wp\/v2\/comments?post=25133"}],"version-history":[{"count":1,"href":"https:\/\/www.corumbaonline.com.br\/news\/wp-json\/wp\/v2\/posts\/25133\/revisions"}],"predecessor-version":[{"id":25134,"href":"https:\/\/www.corumbaonline.com.br\/news\/wp-json\/wp\/v2\/posts\/25133\/revisions\/25134"}],"wp:attachment":[{"href":"https:\/\/www.corumbaonline.com.br\/news\/wp-json\/wp\/v2\/media?parent=25133"}],"wp:term":[{"taxonomy":"category","embeddable":true,"href":"https:\/\/www.corumbaonline.com.br\/news\/wp-json\/wp\/v2\/categories?post=25133"},{"taxonomy":"post_tag","embeddable":true,"href":"https:\/\/www.corumbaonline.com.br\/news\/wp-json\/wp\/v2\/tags?post=25133"}],"curies":[{"name":"wp","href":"https:\/\/api.w.org\/{rel}","templated":true}]}}