{"id":25142,"date":"2018-11-20T10:38:13","date_gmt":"2018-11-20T13:38:13","guid":{"rendered":"http:\/\/www.corumbaonline.com.br\/news\/?p=25142"},"modified":"2018-11-20T11:13:05","modified_gmt":"2018-11-20T14:13:05","slug":"novo-edital-do-mais-medicos-e-publicado-no-diario-oficial","status":"publish","type":"post","link":"https:\/\/www.corumbaonline.com.br\/news\/novo-edital-do-mais-medicos-e-publicado-no-diario-oficial\/","title":{"rendered":"Novo edital do Mais M\u00e9dicos \u00e9 publicado no Di\u00e1rio Oficial"},"content":{"rendered":"<p>O novo edital do programa Mais M\u00e9dicos est\u00e1 publicado\u00a0<span id=\"OBJ_PREFIX_DWT265_com_zimbra_date\">hoje<\/span>\u00a0(20) no\u00a0<a href=\"http:\/\/portal.imprensanacional.gov.br\/materia\/-\/asset_publisher\/Kujrw0TZC2Mb\/content\/id\/50897947\/do3-2018-11-20-edital-n-18-de-19-de-novembro-de-2018-adesao-de-medicos-ao-programa-de-provisao-de-medicos-do-ministerio-da-saude-projeto-mais-medicos-para-o-brasil-50897128\" target=\"_blank\" rel=\"noopener noreferrer\"><em>Di\u00e1rio Oficial da Uni\u00e3o<\/em><\/a>\u00a0se\u00e7\u00e3o 3, p\u00e1gina 134.<\/p>\n<p>A publica\u00e7\u00e3o ocorre no dia seguinte ao an\u00fancio do Minist\u00e9rio da Justi\u00e7a de que ser\u00e3o ofertadas 8.517 vagas para\u00a0<a href=\"http:\/\/agenciabrasil.ebc.com.br\/saude\/noticia\/2018-11\/selecao-para-o-mais-medicos-tera-limitador-de-vagas-por-municipio\" target=\"_blank\" rel=\"noopener noreferrer\">atua\u00e7\u00e3o em 2.824 munic\u00edpios<\/a>\u00a0e 34 \u00e1reas ind\u00edgenas, antes ocupadas por m\u00e9dicos cubanos.<\/p>\n<div class=\"dnd-widget-wrapper context-cheio_8colunas type-image\">\n<div class=\"dnd-atom-rendered\">\n<figure class=\"mejs-fotoh-wrapper\"><img decoding=\"async\" class=\"img-responsive full full\" title=\"Arquivo\/Ag\u00eancia Brasil\" src=\"http:\/\/imagens.ebc.com.br\/GCHizt0hN2gqX-Pes4rVJjp3tIw=\/754x0\/smart\/http:\/\/agenciabrasil.ebc.com.br\/sites\/default\/files\/atoms\/image\/chegada_medicos.jpg?itok=HU9ifqIx\" alt=\"M\u00e9dicos cubanos\" \/><\/figure>\n<\/div>\n<div class=\"dnd-caption-wrapper\">\n<div class=\"meta\">M\u00e9dicos cubanos &#8211;\u00a0<strong>Arquivo\/Ag\u00eancia Brasil<\/strong><\/div>\n<\/div>\n<\/div>\n<p>A rela\u00e7\u00e3o de todos os locais para os quais ser\u00e3o destinadas as vagas est\u00e1 no edital. O texto apresenta em detalhes os oito perfis das localidades que poder\u00e3o ser escolhidas pelos profissionais que se candidatarem ao programa.<\/p>\n<p>Para os m\u00e9dicos que trabalhar\u00e3o em \u00e1reas ind\u00edgenas, haver\u00e1 escalas das Equipes Multidisciplinares de Sa\u00fade Ind\u00edgena (EMSI), cuja perman\u00eancia no territ\u00f3rio poder\u00e1 ocorrer por per\u00edodos de 32 horas semanais &#8211; 10, 15 e at\u00e9 30 dias.<\/p>\n<p><strong>Remunera\u00e7\u00e3o<\/strong><\/p>\n<p>Os profissionais selecionados receber\u00e3o sal\u00e1rio de R$ 11.865,60 por 36 meses, com possibilidade de prorroga\u00e7\u00e3o. As atividades dos m\u00e9dicos incluem oito horas acad\u00eamicas te\u00f3ricas e 32 em unidades b\u00e1sicas de sa\u00fade.<\/p>\n<p>Como h\u00e1 vagas em \u00e1reas distantes, ser\u00e1 repassada ajuda de custo para o m\u00e9dico que solicitar. Al\u00e9m do requerimento, o profissional dever\u00e1 anexar comprovantes de resid\u00eancia no local.<\/p>\n<p>Inicialmente, est\u00e3o abertas vagas para os m\u00e9dicos brasileiros com inscri\u00e7\u00e3o no Conselho Regional de Medicina (CRM) ou com diploma revalidado no pa\u00eds.<\/p>\n<p>Os profissionais podem se inscrever no\u00a0<em>site<\/em>\u00a0<span id=\"OBJ_PREFIX_DWT269_com_zimbra_url\"><a href=\"http:\/\/maismedicos.gov.br\/\" target=\"_blank\" rel=\"noopener noreferrer\">maismedicos.gov.br<\/a><\/span>.<\/p>\n<p>A previs\u00e3o \u00e9 de que um grupo\u00a0<a href=\"http:\/\/agenciabrasil.ebc.com.br\/saude\/noticia\/2018-11\/mais-medicos-oferece-8517-vagas-partir-de-quarta-feira\" target=\"_blank\" rel=\"noopener noreferrer\">comece a trabalhar<\/a>\u00a0no pr\u00f3ximo dia 3 de dezembro.\u00a0<span id=\"OBJ_PREFIX_DWT270_com_zimbra_date\">Ontem<\/span>\u00a0(19) o ministro da Sa\u00fade, Gilberto Occhi, disse que a preocupa\u00e7\u00e3o \u00e9 garantir a chegada imediata dos profissionais nos locais em que haver\u00e1 vagas.<\/p>\n<p><strong>Emergencial<\/strong><\/p>\n<p>A publica\u00e7\u00e3o do edital foi definida pelo governo federal no esfor\u00e7o de assegurar assist\u00eancia nos locais onde estavam os profissionais cubanos. O Minist\u00e9rio da Sa\u00fade P\u00fablica de Cuba, por meio da Organiza\u00e7\u00e3o Pan-Americana da Sa\u00fade (Opas), comunicou o rompimento do acordo de coopera\u00e7\u00e3o no Mais M\u00e9dicos.<\/p>\n<p>O Minist\u00e9rio da Sa\u00fade estima que no pr\u00f3ximo dia 27 haver\u00e1 a abertura de nova chamada para os m\u00e9dicos brasileiros formados no exterior e estrangeiros.<\/p>\n<p>Em 2016, houve a decis\u00e3o de reduzir a participa\u00e7\u00e3o dos profissionais cubanos no Mais M\u00e9dicos de 11.400 para 8.332. Segundo o\u00a0<a href=\"http:\/\/agenciabrasil.ebc.com.br\/saude\/noticia\/2018-11\/brasil-nao-vai-arcar-com-custos-de-saida-de-medicos-cubanos-diz-occhi\" target=\"_blank\" rel=\"noopener noreferrer\">Minist\u00e9rio da Sa\u00fade<\/a>, al\u00e9m dos m\u00e9dicos ativos, tamb\u00e9m ser\u00e3o substitu\u00eddos 185 profissionais da coopera\u00e7\u00e3o que estavam no per\u00edodo de recesso ou tenham encerrado a participa\u00e7\u00e3o.<\/p>\n","protected":false},"excerpt":{"rendered":"<p>O novo edital do programa Mais M\u00e9dicos est\u00e1 publicado\u00a0hoje\u00a0(20) no\u00a0Di\u00e1rio Oficial da Uni\u00e3o\u00a0se\u00e7\u00e3o 3, p\u00e1gina&#8230;<\/p>\n","protected":false},"author":1,"featured_media":0,"comment_status":"closed","ping_status":"closed","sticky":false,"template":"","format":"standard","meta":{"footnotes":""},"categories":[19,21],"tags":[],"class_list":["post-25142","post","type-post","status-publish","format-standard","hentry","category-politica","category-saude"],"_links":{"self":[{"href":"https:\/\/www.corumbaonline.com.br\/news\/wp-json\/wp\/v2\/posts\/25142","targetHints":{"allow":["GET"]}}],"collection":[{"href":"https:\/\/www.corumbaonline.com.br\/news\/wp-json\/wp\/v2\/posts"}],"about":[{"href":"https:\/\/www.corumbaonline.com.br\/news\/wp-json\/wp\/v2\/types\/post"}],"author":[{"embeddable":true,"href":"https:\/\/www.corumbaonline.com.br\/news\/wp-json\/wp\/v2\/users\/1"}],"replies":[{"embeddable":true,"href":"https:\/\/www.corumbaonline.com.br\/news\/wp-json\/wp\/v2\/comments?post=25142"}],"version-history":[{"count":1,"href":"https:\/\/www.corumbaonline.com.br\/news\/wp-json\/wp\/v2\/posts\/25142\/revisions"}],"predecessor-version":[{"id":25143,"href":"https:\/\/www.corumbaonline.com.br\/news\/wp-json\/wp\/v2\/posts\/25142\/revisions\/25143"}],"wp:attachment":[{"href":"https:\/\/www.corumbaonline.com.br\/news\/wp-json\/wp\/v2\/media?parent=25142"}],"wp:term":[{"taxonomy":"category","embeddable":true,"href":"https:\/\/www.corumbaonline.com.br\/news\/wp-json\/wp\/v2\/categories?post=25142"},{"taxonomy":"post_tag","embeddable":true,"href":"https:\/\/www.corumbaonline.com.br\/news\/wp-json\/wp\/v2\/tags?post=25142"}],"curies":[{"name":"wp","href":"https:\/\/api.w.org\/{rel}","templated":true}]}}