{"id":25943,"date":"2018-12-13T08:50:32","date_gmt":"2018-12-13T11:50:32","guid":{"rendered":"http:\/\/www.corumbaonline.com.br\/news\/?p=25943"},"modified":"2018-12-13T10:15:00","modified_gmt":"2018-12-13T13:15:00","slug":"para-fiems-reforma-do-aeroporto-de-campo-grande-vai-fomentar-industria-do-turismo","status":"publish","type":"post","link":"https:\/\/www.corumbaonline.com.br\/news\/para-fiems-reforma-do-aeroporto-de-campo-grande-vai-fomentar-industria-do-turismo\/","title":{"rendered":"Para Fiems, reforma do aeroporto de Campo Grande vai fomentar ind\u00fastria do turismo"},"content":{"rendered":"<p class=\"x_MsoNormal\">O presidente da Fiems, S\u00e9rgio Longen, considera que a obra de amplia\u00e7\u00e3o e revitaliza\u00e7\u00e3o do Aeroporto Internacional de Campo Grande \u00e9 o primeiro passo para fomentar a ind\u00fastria do turismo em Mato Grosso do Sul. Impulsionar o segmento \u00e9 uma das principais bandeiras da Federa\u00e7\u00e3o para 2019, tanto que Longen anunciou, na semana passada, a elabora\u00e7\u00e3o de uma agenda conjunta do setor produtivo estadual para desenvolver o turismo local.<\/p>\n<p class=\"x_MsoNormal\">\n<p class=\"x_MsoNormal\">\u201cA ind\u00fastria do turismo precisa aparecer e este \u00e9 um trabalho que vamos come\u00e7ar a construir no ano que vem. O aeroporto de Campo Grande, uma capital brasileira, se n\u00e3o \u00e9 o pior do Pa\u00eds, est\u00e1 entre os piores. A conquista desta obra, que \u00e9 resultado do esfor\u00e7o de muita gente, vai fazer a diferen\u00e7a para o desenvolvimento do nosso Estado e vai melhorar a passagem dos turistas por aqui\u201d, afirmou o presidente da Fiems.<\/p>\n<p class=\"x_MsoNormal\">\n<p class=\"x_MsoNormal\">Longen anunciou que o setor produtivo do Estado, representado pela Fiems, Faems, Fecom\u00e9rcio e Famasul, est\u00e1 unido em prol da elabora\u00e7\u00e3o de uma agenda para fomentar a ind\u00fastria do turismo em 2019 durante o \u201cEncontro Empresarial e F\u00f3rum de Desenvolvimento\u201d, que reuniu, no dia 7 de dezembro, empres\u00e1rios e autoridades de Mundo Novo (MS) em comemora\u00e7\u00e3o aos 40 anos da Faems.<\/p>\n<p class=\"x_MsoNormal\">\n<p class=\"x_MsoNormal\"><b>O an\u00fancio<\/b><\/p>\n<p class=\"x_MsoNormal\">\n<p class=\"x_MsoNormal\">O an\u00fancio das obras de amplia\u00e7\u00e3o foi feito na quarta-feira (11\/12) pelo ministro da Secretaria de Governo, Carlos Marun, durante evento realizado na Base \u00c1rea de Campo Grande, onde o projeto desenhado pela Infraero para o terminal foi entregue ao prefeito Marcos Marcello Trad.<\/p>\n<p class=\"x_MsoNormal\">\n<p class=\"x_MsoNormal\">Segundo Marun, a reforma contar\u00e1 com investimentos de R$ 40 milh\u00f5es, oriundos da sobra de recursos do PAC (Programa de Acelera\u00e7\u00e3o do Crescimento), do Governo Federal. O montante, acrescentou o ministro, j\u00e1 foi empenhado e a previs\u00e3o de in\u00edcio das obras \u00e9 julho do ano que vem, com dura\u00e7\u00e3o de cerca de um ano e meio.<\/p>\n<p class=\"x_MsoNormal\">\n<p class=\"x_MsoNormal\">\u201c\u00c9 uma obra que vai acontecer, j\u00e1 \u00e9 realidade. Ser\u00e1 um legado meu para Mato Grosso do Sul como ministro\u201d, assegurou Marun, afirmando, ainda, que a reforma tamb\u00e9m deve resultar na atra\u00e7\u00e3o de investimentos externos para o Estado. \u201cO empres\u00e1rio precisa ter uma boa impress\u00e3o para investir o dinheiro dele e o aeroporto de Campo Grande \u00e9 a porta de entrada de Mato Grosso do Sul. Com a reforma, nossa porta de entrada ter\u00e1 uma nova cara\u201d, considerou o ministro.<\/p>\n<p class=\"x_MsoNormal\">\n<p class=\"x_MsoNormal\">O prefeito lembrou que a Capital j\u00e1 deixou de realizar eventos importantes em raz\u00e3o da falta de infraestrutura do aeroporto. \u201cA Copa de 2014 mesmo, na \u00e9poca da escolha das cidades muito se falou que Campo Grande perdeu porque o aeroporto era fraco. Essa obra \u00e9 essencial para a cidade\u201d, disse. O presidente da Infraero, Antonio Claret, contou que ele pr\u00f3prio j\u00e1 vivenciou experi\u00eancias ruins no Aeroporto de Campo Grande. \u201cMorei aqui por dois anos e lembro que era dif\u00edcil\u201d, recordou.<\/p>\n<p class=\"x_MsoNormal\">\n<p class=\"x_MsoNormal\"><b>A obra<\/b><\/p>\n<p class=\"x_MsoNormal\">\n<p class=\"x_MsoNormal\">O aeroporto ser\u00e1 totalmente modernizado, do sistema de ar condicionado, passando pelos sanit\u00e1rios, sistema de seguran\u00e7a e vigil\u00e2ncia, at\u00e9 o terminal de embarque e desembarque, explicou o gerente-geral de obras da Infraero, Fernando Borges, que vai realizar as obras.<\/p>\n<p class=\"x_MsoNormal\">\n<p class=\"x_MsoNormal\">O terminal de passageiros passar\u00e1 de 6.185 m\u00b2 para 10.027 m\u00b2, elevando a capacidade de atendimento do aeroporto de 2,5 milh\u00f5es para 4,5 milh\u00f5es de passageiros por ano. O local passar\u00e1 a ter quatro port\u00f5es de embarque (atualmente s\u00e3o dois), assim como o n\u00famero de esteiras de raio-x, gerando mais efici\u00eancia nas filas. Outra quest\u00e3o \u00e9 que a \u00e1rea comercial do aeroporto tamb\u00e9m ser\u00e1 ampliada, proporcionando mais conforto para quem passa por ali, e gerando mais neg\u00f3cios.<\/p>\n","protected":false},"excerpt":{"rendered":"<p>O presidente da Fiems, S\u00e9rgio Longen, considera que a obra de amplia\u00e7\u00e3o e revitaliza\u00e7\u00e3o do&#8230;<\/p>\n","protected":false},"author":1,"featured_media":25944,"comment_status":"closed","ping_status":"closed","sticky":false,"template":"","format":"standard","meta":{"footnotes":""},"categories":[23],"tags":[],"class_list":["post-25943","post","type-post","status-publish","format-standard","has-post-thumbnail","hentry","category-turismo"],"_links":{"self":[{"href":"https:\/\/www.corumbaonline.com.br\/news\/wp-json\/wp\/v2\/posts\/25943","targetHints":{"allow":["GET"]}}],"collection":[{"href":"https:\/\/www.corumbaonline.com.br\/news\/wp-json\/wp\/v2\/posts"}],"about":[{"href":"https:\/\/www.corumbaonline.com.br\/news\/wp-json\/wp\/v2\/types\/post"}],"author":[{"embeddable":true,"href":"https:\/\/www.corumbaonline.com.br\/news\/wp-json\/wp\/v2\/users\/1"}],"replies":[{"embeddable":true,"href":"https:\/\/www.corumbaonline.com.br\/news\/wp-json\/wp\/v2\/comments?post=25943"}],"version-history":[{"count":1,"href":"https:\/\/www.corumbaonline.com.br\/news\/wp-json\/wp\/v2\/posts\/25943\/revisions"}],"predecessor-version":[{"id":25945,"href":"https:\/\/www.corumbaonline.com.br\/news\/wp-json\/wp\/v2\/posts\/25943\/revisions\/25945"}],"wp:featuredmedia":[{"embeddable":true,"href":"https:\/\/www.corumbaonline.com.br\/news\/wp-json\/wp\/v2\/media\/25944"}],"wp:attachment":[{"href":"https:\/\/www.corumbaonline.com.br\/news\/wp-json\/wp\/v2\/media?parent=25943"}],"wp:term":[{"taxonomy":"category","embeddable":true,"href":"https:\/\/www.corumbaonline.com.br\/news\/wp-json\/wp\/v2\/categories?post=25943"},{"taxonomy":"post_tag","embeddable":true,"href":"https:\/\/www.corumbaonline.com.br\/news\/wp-json\/wp\/v2\/tags?post=25943"}],"curies":[{"name":"wp","href":"https:\/\/api.w.org\/{rel}","templated":true}]}}