{"id":26113,"date":"2018-12-18T12:00:21","date_gmt":"2018-12-18T15:00:21","guid":{"rendered":"http:\/\/www.corumbaonline.com.br\/news\/?p=26113"},"modified":"2018-12-18T12:57:46","modified_gmt":"2018-12-18T15:57:46","slug":"turismo-divulga-vencedores-do-concurso-corumba-por-tras-das-lentes","status":"publish","type":"post","link":"https:\/\/www.corumbaonline.com.br\/news\/turismo-divulga-vencedores-do-concurso-corumba-por-tras-das-lentes\/","title":{"rendered":"Turismo divulga vencedores do concurso \u201cCorumb\u00e1 por tr\u00e1s das lentes\u201d"},"content":{"rendered":"<p>A Prefeitura, por meio da Funda\u00e7\u00e3o de Turismo do Pantanal, realizou o concurso de fotografias \u201cCorumb\u00e1 por tr\u00e1s das lentes\u201d, que definiu imagens que v\u00e3o compor o calend\u00e1rio 2019 do Munic\u00edpio. Ao todo concorreram 27 fotografias. De acordo com o Regulamento 12 foram selecionadas.<\/p>\n<p>&nbsp;<\/p>\n<p>As tr\u00eas primeiras colocadas ser\u00e3o premidas. Fizeram parte da Comiss\u00e3o Avaliadora representante da Funda\u00e7\u00e3o Meio Ambiente do Pantanal, Funda\u00e7\u00e3o de Cultura e do Patrim\u00f4nio Hist\u00f3rico, fot\u00f3grafos da Comunica\u00e7\u00e3o Institucional da Prefeitura e representante do Comtur (Conselho Municipal de Turismo). Foram analisados e pontuados crit\u00e9rios como: coer\u00eancia com o tema, originalidade, qualidade da fotografia e emo\u00e7\u00e3o captada na foto.<\/p>\n<p>&nbsp;<\/p>\n<p>O primeiro lugar ficou com Guilherme Provenzano Giovanni, com a foto Espelho D\u2019\u00c1gua, que obteve 40 pontos. A segunda coloca\u00e7\u00e3o foi para Conrado Ribeiro de Abreu, com a foto O Amor Prevalece em Todas as Esp\u00e9cies, com 39 pontos. O terceiro lugar \u00e9 de Lucas Fl\u00e1vio da Silva Almeida com a foto Noite em Corumb\u00e1, com 38 pontos.<\/p>\n<p>&nbsp;<\/p>\n<p>As demais selecionadas para compor o calend\u00e1rio foram: Juliane da Silva Cordeiro &#8211; Um Belo Caminho; Paulo L\u00facio Pereira Fernandes &#8211; Os Pescadores; Casiane Maria Vianna Campos &#8211; Um Ponto de Vista Diferente; Juliane da Silva Cordeiro &#8211; Jardim Iluminado; Conrado Ribeiro de Abreu &#8211; De Onde Tudo Come\u00e7ou; Lucas Fl\u00e1vio da Silva Almeida &#8211; Remanso do Rio Paraguai; Rebeca Micheles Marques da Fonseca -Entardecer Encantado; Uziel Silva Moreira &#8211; Captando a Florada do Ip\u00ea; Marcia Maria de Azeredo Coutinho &#8211; A Inf\u00e2ncia em Corumb\u00e1.<\/p>\n","protected":false},"excerpt":{"rendered":"<p>A Prefeitura, por meio da Funda\u00e7\u00e3o de Turismo do Pantanal, realizou o concurso de fotografias&#8230;<\/p>\n","protected":false},"author":1,"featured_media":26114,"comment_status":"closed","ping_status":"closed","sticky":false,"template":"","format":"standard","meta":{"footnotes":""},"categories":[23],"tags":[],"class_list":["post-26113","post","type-post","status-publish","format-standard","has-post-thumbnail","hentry","category-turismo"],"_links":{"self":[{"href":"https:\/\/www.corumbaonline.com.br\/news\/wp-json\/wp\/v2\/posts\/26113","targetHints":{"allow":["GET"]}}],"collection":[{"href":"https:\/\/www.corumbaonline.com.br\/news\/wp-json\/wp\/v2\/posts"}],"about":[{"href":"https:\/\/www.corumbaonline.com.br\/news\/wp-json\/wp\/v2\/types\/post"}],"author":[{"embeddable":true,"href":"https:\/\/www.corumbaonline.com.br\/news\/wp-json\/wp\/v2\/users\/1"}],"replies":[{"embeddable":true,"href":"https:\/\/www.corumbaonline.com.br\/news\/wp-json\/wp\/v2\/comments?post=26113"}],"version-history":[{"count":1,"href":"https:\/\/www.corumbaonline.com.br\/news\/wp-json\/wp\/v2\/posts\/26113\/revisions"}],"predecessor-version":[{"id":26115,"href":"https:\/\/www.corumbaonline.com.br\/news\/wp-json\/wp\/v2\/posts\/26113\/revisions\/26115"}],"wp:featuredmedia":[{"embeddable":true,"href":"https:\/\/www.corumbaonline.com.br\/news\/wp-json\/wp\/v2\/media\/26114"}],"wp:attachment":[{"href":"https:\/\/www.corumbaonline.com.br\/news\/wp-json\/wp\/v2\/media?parent=26113"}],"wp:term":[{"taxonomy":"category","embeddable":true,"href":"https:\/\/www.corumbaonline.com.br\/news\/wp-json\/wp\/v2\/categories?post=26113"},{"taxonomy":"post_tag","embeddable":true,"href":"https:\/\/www.corumbaonline.com.br\/news\/wp-json\/wp\/v2\/tags?post=26113"}],"curies":[{"name":"wp","href":"https:\/\/api.w.org\/{rel}","templated":true}]}}