{"id":26562,"date":"2019-01-03T09:23:27","date_gmt":"2019-01-03T12:23:27","guid":{"rendered":"http:\/\/www.corumbaonline.com.br\/news\/?p=26562"},"modified":"2019-01-03T10:19:52","modified_gmt":"2019-01-03T13:19:52","slug":"com-concessoes-bolsonaro-diz-que-pais-atraira-investimentos","status":"publish","type":"post","link":"https:\/\/www.corumbaonline.com.br\/news\/com-concessoes-bolsonaro-diz-que-pais-atraira-investimentos\/","title":{"rendered":"Com concess\u00f5es, Bolsonaro diz que pa\u00eds atrair\u00e1 investimentos"},"content":{"rendered":"<p>Pouco antes da primeira reuni\u00e3o ministerial ap\u00f3s a\u00a0<a href=\"http:\/\/agenciabrasil.ebc.com.br\/politica\/noticia\/2019-01\/veja-como-foi-o-primeiro-dia-de-jair-bolsonaro-como-presidente\" target=\"_blank\" rel=\"noopener\">posse do novo governo<\/a>, o presidente Jair Bolsonaro usou hoje (3) o Twitter para refor\u00e7ar que sua equipe vai trabalhar para atrair investimentos ao pa\u00eds. A \u00e1rea de infraestrutura est\u00e1 no centro da estrat\u00e9gia.<\/p>\n<p>\u201cRapidamente atrairemos investimentos iniciais em torno de R$ 7 bilh\u00f5es\u201d, afirmou. A aposta baseia-se principalmente na expectativa de concess\u00f5es de ferrovias al\u00e9m dos 12 aeroportos e quatro terminais portu\u00e1rios.<\/p>\n<p>\u201cCom a confian\u00e7a do investidor sob condi\u00e7\u00f5es favor\u00e1veis \u00e0 popula\u00e7\u00e3o, resgataremos o desenvolvimento inicial da infraestrutura do Brasil\u201d, disse Bolsonaro.<\/p>\n<p>A declara\u00e7\u00e3o foi feita pouco menos de uma hora antes da<a href=\"http:\/\/agenciabrasil.ebc.com.br\/politica\/noticia\/2019-01\/bolsonaro-se-reune-com-conselho-de-ministros\" target=\"_blank\" rel=\"noopener\">\u00a0primeira reuni\u00e3o\u00a0<\/a>do presidente Jair Bolsonaro com o Conselho de Ministros, no Pal\u00e1cio do Planalto. Com a expectativa da presen\u00e7a dos 22 ministros, incluindo a Advocacia-Geral da Uni\u00e3o e o Banco Central que devem perder\u00a0<em>status<\/em>\u00a0de minist\u00e9rio, Bolsonaro deve tratar assuntos priorit\u00e1rios, como um cronograma de medidas que devem ser adotadas nos primeiros dias de governo.<\/p>\n<p>Alguns dos temas que devem compor esta agenda s\u00e3o a lista de privatiza\u00e7\u00f5es e o enxugamento da m\u00e1quina p\u00fablica. Apenas na Casa Civil, mais de 300 funcion\u00e1rios\u00a0<a href=\"http:\/\/www.in.gov.br\/materia\/-\/asset_publisher\/Kujrw0TZC2Mb\/content\/id\/57738611\" target=\"_blank\" rel=\"noopener\">foram exonerados<\/a>\u00a0nesta quinta-feira de cargos de confian\u00e7a.<\/p>\n","protected":false},"excerpt":{"rendered":"<p>Pouco antes da primeira reuni\u00e3o ministerial ap\u00f3s a\u00a0posse do novo governo, o presidente Jair Bolsonaro&#8230;<\/p>\n","protected":false},"author":1,"featured_media":0,"comment_status":"closed","ping_status":"closed","sticky":false,"template":"","format":"standard","meta":{"footnotes":""},"categories":[19],"tags":[],"class_list":["post-26562","post","type-post","status-publish","format-standard","hentry","category-politica"],"_links":{"self":[{"href":"https:\/\/www.corumbaonline.com.br\/news\/wp-json\/wp\/v2\/posts\/26562","targetHints":{"allow":["GET"]}}],"collection":[{"href":"https:\/\/www.corumbaonline.com.br\/news\/wp-json\/wp\/v2\/posts"}],"about":[{"href":"https:\/\/www.corumbaonline.com.br\/news\/wp-json\/wp\/v2\/types\/post"}],"author":[{"embeddable":true,"href":"https:\/\/www.corumbaonline.com.br\/news\/wp-json\/wp\/v2\/users\/1"}],"replies":[{"embeddable":true,"href":"https:\/\/www.corumbaonline.com.br\/news\/wp-json\/wp\/v2\/comments?post=26562"}],"version-history":[{"count":1,"href":"https:\/\/www.corumbaonline.com.br\/news\/wp-json\/wp\/v2\/posts\/26562\/revisions"}],"predecessor-version":[{"id":26563,"href":"https:\/\/www.corumbaonline.com.br\/news\/wp-json\/wp\/v2\/posts\/26562\/revisions\/26563"}],"wp:attachment":[{"href":"https:\/\/www.corumbaonline.com.br\/news\/wp-json\/wp\/v2\/media?parent=26562"}],"wp:term":[{"taxonomy":"category","embeddable":true,"href":"https:\/\/www.corumbaonline.com.br\/news\/wp-json\/wp\/v2\/categories?post=26562"},{"taxonomy":"post_tag","embeddable":true,"href":"https:\/\/www.corumbaonline.com.br\/news\/wp-json\/wp\/v2\/tags?post=26562"}],"curies":[{"name":"wp","href":"https:\/\/api.w.org\/{rel}","templated":true}]}}