{"id":26566,"date":"2019-01-04T08:08:02","date_gmt":"2019-01-04T11:08:02","guid":{"rendered":"http:\/\/www.corumbaonline.com.br\/news\/?p=26566"},"modified":"2019-01-04T09:40:53","modified_gmt":"2019-01-04T12:40:53","slug":"bolsonaro-propoe-idade-minima-de-62-anos-para-homem-e-57-para-mulher","status":"publish","type":"post","link":"https:\/\/www.corumbaonline.com.br\/news\/bolsonaro-propoe-idade-minima-de-62-anos-para-homem-e-57-para-mulher\/","title":{"rendered":"Bolsonaro prop\u00f5e idade m\u00ednima de 62 anos para homem e 57 para mulher"},"content":{"rendered":"<p>O presidente Jair Bolsonaro disse que a proposta de reforma da Previd\u00eancia em discuss\u00e3o no governo prev\u00ea a idade m\u00ednima de 62 anos para os homens e 57 anos para as mulheres com aumento gradativo. Segundo Bolsonaro, seria mais um ano a partir da promulga\u00e7\u00e3o e outro em 2022, mas com diferen\u00e7as de idade m\u00ednima de acordo com a categoria profissional e a expectativa de vida.<\/p>\n<p>Segundo Bolsonaro, o futuro presidente avaliaria a necessidade de novos ajustes no sistema previdenci\u00e1rio. \u201cQuando voc\u00ea coloca tudo de uma vez s\u00f3 no pacote, voc\u00ea pode errar, e n\u00f3s n\u00e3o queremos errar\u201d, disse em entrevista ao\u00a0<em>SBT<\/em>, a primeira ap\u00f3s ter tomado posse.<\/p>\n<p>O presidente indicou que as medidas visam principalmente a previd\u00eancia\u00a0dos servidores p\u00fablicos. \u201cO que mais pesa no Or\u00e7amento \u00e9 a quest\u00e3o da previd\u00eancia p\u00fablica, que\u00a0<span id=\"OBJ_PREFIX_DWT1957_com_zimbra_date\" role=\"link\">ter<\/span>\u00e1 maior aten\u00e7\u00e3o da nossa parte. Vamos buscar tamb\u00e9m eliminar privil\u00e9gios\u201d, afirmou o presidente, que descartou aumentar a al\u00edquota de contribui\u00e7\u00e3o previdenci\u00e1ria dos servidores,\u00a0<span id=\"OBJ_PREFIX_DWT1952_com_zimbra_date\" role=\"link\"><span id=\"OBJ_PREFIX_DWT1958_com_zimbra_date\" role=\"link\">hoje<\/span><\/span>\u00a0em 11%.<\/p>\n<h2>Aprova\u00e7\u00e3o<\/h2>\n<p>Bolsonaro disse que a reforma n\u00e3o vai estabelecer regras \u00fanicas para todos os setores e todas as categorias profissionais. Citou a expectativa de vida no Piau\u00ed, que \u00e9 69 anos, argumentando que seria \u201cum pouco forte estabelecer a idade m\u00ednima de 65 anos\u201d, como previa o texto da reforma enviado ao Congresso pelo governo do ex-presidente Michel Temer.<\/p>\n<p>A diferencia\u00e7\u00e3o visa, conforme Bolsonaro, facilitar a aprova\u00e7\u00e3o no Congresso, mas tamb\u00e9m evitar \u201cinjusti\u00e7a com aqueles que t\u00eam expectativa de vida menor\u201d. O presidente voltou a dizer que poder\u00e1 aproveitar a proposta j\u00e1 em tramita\u00e7\u00e3o na C\u00e2mara dos Deputados, com alguns ajustes.<\/p>\n<div class=\"dnd-widget-wrapper context-grande_6colunas type-image atom-align-left\">\n<div class=\"dnd-atom-rendered\">\n<figure class=\"mejs-fotoh-wrapper\">\n<p><figure style=\"width: 463px\" class=\"wp-caption alignnone\"><img loading=\"lazy\" decoding=\"async\" class=\"img-responsive full full\" title=\"Marcos Corr\u00eaa\/PR\" src=\"http:\/\/imagens.ebc.com.br\/G-OIJz--F5_1_Q2Y7jq_qfp_oh4=\/463x0\/smart\/http:\/\/agenciabrasil.ebc.com.br\/sites\/default\/files\/thumbnails\/image\/edit_46584304721_5cc14963a4_o.jpg?itok=ZP1co-6g\" alt=\"Presidente Jair Bolsonaro se re\u00fane com o Conselho de Ministros, no Pal\u00e1cio do Planalto. \" width=\"463\" height=\"309\" \/><figcaption class=\"wp-caption-text\">Jair Bolsonaro em primeira reuni\u00e3o ministerial (Marcos Corr\u00eaa\/PR)<\/figcaption><\/figure><\/figure>\n<\/div>\n<\/div>\n<p>\u201cO que queremos \u00e9 aproveitar a reforma que j\u00e1 est\u00e1 na C\u00e2mara, que come\u00e7ou com o senhor Michel Temer. A boa reforma \u00e9 aquela que passa na C\u00e2mara e no Senado, n\u00e3o aquela que est\u00e1 na minha cabe\u00e7a ou na [cabe\u00e7a]\u00a0da equipe econ\u00f4mica\u201d, afirmou.<\/p>\n<p>Bolsonaro argumentou que a reforma \u00e9 necess\u00e1ria para impedir que o pa\u00eds \u201cem mais dois ou tr\u00eas anos entre em colapso\u201d, a exemplo do que ocorreu com a Gr\u00e9cia. \u201cAgora todos\u00a0<span id=\"OBJ_PREFIX_DWT1953_com_zimbra_date\" role=\"link\"><span id=\"OBJ_PREFIX_DWT1959_com_zimbra_date\" role=\"link\">ter<\/span><\/span>\u00e3o de contribuir um pouco para que ela seja aprovada. Eu acredito que o Parlamento n\u00e3o vai faltar ao Brasil\u201d, disse.<\/p>\n<h2>Justi\u00e7a do Trabalho<\/h2>\n<p>Segundo o presidente, o governo poder\u00e1 propor a extin\u00e7\u00e3o da Justi\u00e7a do Trabalho, transferindo para a Justi\u00e7a comum as a\u00e7\u00f5es trabalhistas. \u201cQual pa\u00eds do mundo que tem? Tem que ser Justi\u00e7a comum e tem que\u00a0<span id=\"OBJ_PREFIX_DWT1954_com_zimbra_date\" role=\"link\"><span id=\"OBJ_PREFIX_DWT1960_com_zimbra_date\" role=\"link\">ter<\/span><\/span>\u00a0a sucumb\u00eancia \u2013 quem entrou na Justi\u00e7a e perdeu tem de pagar\u201d, argumentou.<\/p>\n<p>Bolsonaro disse que, antes da reforma trabalhista, havia 4 milh\u00f5es de a\u00e7\u00f5es trabalhistas em tramita\u00e7\u00e3o. \u201cNingu\u00e9m aguenta isso. N\u00f3s temos mais a\u00e7\u00f5es trabalhistas que o mundo inteiro. Algo est\u00e1 errado, \u00e9 o excesso de prote\u00e7\u00e3o\u201d, afirmou.<\/p>\n<p>O presidente voltou a criticar o excesso de encargos trabalhistas, que acabam onerando a m\u00e3o de obra no pa\u00eds. Bolsonaro afirmou que n\u00e3o vai mexer em direitos trabalhistas\u00a0previstos na Constitui\u00e7\u00e3o, mas que vai aprofundar a reforma trabalhista.\u00a0\u201cO Brasil \u00e9 um pa\u00eds de direitos em excesso, mas falta emprego. Nos Estados Unidos, n\u00e3o t\u00eam quase direito trabalhista. N\u00e3o adianta voc\u00ea\u00a0<span id=\"OBJ_PREFIX_DWT1955_com_zimbra_date\" role=\"link\"><span id=\"OBJ_PREFIX_DWT1961_com_zimbra_date\" role=\"link\">ter<\/span><\/span>\u00a0direitos e n\u00e3o\u00a0<span id=\"OBJ_PREFIX_DWT1956_com_zimbra_date\" role=\"link\"><span id=\"OBJ_PREFIX_DWT1962_com_zimbra_date\" role=\"link\">ter<\/span><\/span>\u00a0emprego\u201d, afirmou.<\/p>\n","protected":false},"excerpt":{"rendered":"<p>O presidente Jair Bolsonaro disse que a proposta de reforma da Previd\u00eancia em discuss\u00e3o no&#8230;<\/p>\n","protected":false},"author":1,"featured_media":0,"comment_status":"closed","ping_status":"closed","sticky":false,"template":"","format":"standard","meta":{"footnotes":""},"categories":[19],"tags":[],"class_list":["post-26566","post","type-post","status-publish","format-standard","hentry","category-politica"],"_links":{"self":[{"href":"https:\/\/www.corumbaonline.com.br\/news\/wp-json\/wp\/v2\/posts\/26566","targetHints":{"allow":["GET"]}}],"collection":[{"href":"https:\/\/www.corumbaonline.com.br\/news\/wp-json\/wp\/v2\/posts"}],"about":[{"href":"https:\/\/www.corumbaonline.com.br\/news\/wp-json\/wp\/v2\/types\/post"}],"author":[{"embeddable":true,"href":"https:\/\/www.corumbaonline.com.br\/news\/wp-json\/wp\/v2\/users\/1"}],"replies":[{"embeddable":true,"href":"https:\/\/www.corumbaonline.com.br\/news\/wp-json\/wp\/v2\/comments?post=26566"}],"version-history":[{"count":1,"href":"https:\/\/www.corumbaonline.com.br\/news\/wp-json\/wp\/v2\/posts\/26566\/revisions"}],"predecessor-version":[{"id":26567,"href":"https:\/\/www.corumbaonline.com.br\/news\/wp-json\/wp\/v2\/posts\/26566\/revisions\/26567"}],"wp:attachment":[{"href":"https:\/\/www.corumbaonline.com.br\/news\/wp-json\/wp\/v2\/media?parent=26566"}],"wp:term":[{"taxonomy":"category","embeddable":true,"href":"https:\/\/www.corumbaonline.com.br\/news\/wp-json\/wp\/v2\/categories?post=26566"},{"taxonomy":"post_tag","embeddable":true,"href":"https:\/\/www.corumbaonline.com.br\/news\/wp-json\/wp\/v2\/tags?post=26566"}],"curies":[{"name":"wp","href":"https:\/\/api.w.org\/{rel}","templated":true}]}}