{"id":26606,"date":"2019-01-04T11:47:45","date_gmt":"2019-01-04T14:47:45","guid":{"rendered":"http:\/\/www.corumbaonline.com.br\/news\/?p=26606"},"modified":"2019-01-04T17:00:42","modified_gmt":"2019-01-04T20:00:42","slug":"sem-secretaria-athayde-recusa-convite-de-reinaldo-e-anuncia-saida-do-pps-do-governo","status":"publish","type":"post","link":"https:\/\/www.corumbaonline.com.br\/news\/sem-secretaria-athayde-recusa-convite-de-reinaldo-e-anuncia-saida-do-pps-do-governo\/","title":{"rendered":"Sem secretaria, Athayde recusa convite de Reinaldo e anuncia sa\u00edda do PPS do governo"},"content":{"rendered":"<p>Insatisfeito com a reforma administrativa e sem espa\u00e7o no 1\u00b0 escal\u00e3o do Governo do Estado, o agora ex-secret\u00e1rio de Cultura e Cidadania, Athayde Ney (PPS), anunciou sua sa\u00edda da gest\u00e3o Reinaldo Azambuja (PSDB). A extin\u00e7\u00e3o da pasta o fez recusar convite feito por Reinaldo para chefiar a Funda\u00e7\u00e3o de Cultura.<\/p>\n<p>O pedido de exonera\u00e7\u00e3o, conforme Athayde, ocorreu antes mesmo da reforma ser aprovada na Assembleia Legislativa. \u201cAceitei, mas n\u00e3o considerava correto do ponto de vista. Achei que o conceito [jun\u00e7\u00e3o de Cultura e Cidadania em pastas centrais da administra\u00e7\u00e3o] deveria ser fortalecido\u201d, critica.<\/p>\n<p>Com ele, outros 20 servidores, exonerados no dia 1\u00b0 de janeiro, n\u00e3o devem retornar aos cargos, como j\u00e1 pontuado por Reinaldo. Apesar de sua sa\u00edda, ele garante que o PPS continua na base do governo.<\/p>\n<p>\u201cReinaldo pediu para ficarmos at\u00e9 o final do ano, ele fez um grande trabalho, continuamos apoiando a grande constru\u00e7\u00e3o, que foi uma alternativa aos governos do PT e do MDB. O PPS se mant\u00e9m na base, no ponto de vista de acreditar no sucesso, mas sa\u00edmos da administra\u00e7\u00e3o, vamos deixar o governo livre para indicar outras pessoas\u201d, reitera.<\/p>\n<p>O comando da Funda\u00e7\u00e3o, por ora, segue indefinido, mas o tucano j\u00e1 adiantou que os nomes de funda\u00e7\u00f5es, ag\u00eancias e autarquias ser\u00e3o anunciados na pr\u00f3xima semana.<\/p>\n<p>\u201cN\u00e3o sei quem ele vai indicar, [a situa\u00e7\u00e3o da Cultura no Estado] vai depender muito disso, mas agora que j\u00e1 tem os marcos [Sistema Estadual e Plano Estadual de Cultura], ent\u00e3o quem entra j\u00e1 tem que seguir esse novo conceito\u201d, acredita.<\/p>\n<p>Lembrando que a trajet\u00f3ria ao lado de Reinaldo come\u00e7ou em 2012, quando foi seu vice na disputa pela prefeitura, ele anuncia que sai do governo j\u00e1 pensando em disputar novamente o comando do Executivo Municipal, em 2020. Ele e Marquinhos Trad (PSD) \u2013 que j\u00e1 avisou que busca renovar a administra\u00e7\u00e3o -, foram advers\u00e1rios em 2016.<\/p>\n<p>\u2018Todos t\u00eam que se responsabilizar pela cidade, cada um tem seu papel. Voc\u00ea constr\u00f3i a administra\u00e7\u00e3o em cima de projeto por isso ela tem que ser maior que uma pessoa\u201d, pontua.<\/p>\n","protected":false},"excerpt":{"rendered":"<p>Insatisfeito com a reforma administrativa e sem espa\u00e7o no 1\u00b0 escal\u00e3o do Governo do Estado,&#8230;<\/p>\n","protected":false},"author":1,"featured_media":0,"comment_status":"closed","ping_status":"closed","sticky":false,"template":"","format":"standard","meta":{"footnotes":""},"categories":[19],"tags":[],"class_list":["post-26606","post","type-post","status-publish","format-standard","hentry","category-politica"],"_links":{"self":[{"href":"https:\/\/www.corumbaonline.com.br\/news\/wp-json\/wp\/v2\/posts\/26606","targetHints":{"allow":["GET"]}}],"collection":[{"href":"https:\/\/www.corumbaonline.com.br\/news\/wp-json\/wp\/v2\/posts"}],"about":[{"href":"https:\/\/www.corumbaonline.com.br\/news\/wp-json\/wp\/v2\/types\/post"}],"author":[{"embeddable":true,"href":"https:\/\/www.corumbaonline.com.br\/news\/wp-json\/wp\/v2\/users\/1"}],"replies":[{"embeddable":true,"href":"https:\/\/www.corumbaonline.com.br\/news\/wp-json\/wp\/v2\/comments?post=26606"}],"version-history":[{"count":1,"href":"https:\/\/www.corumbaonline.com.br\/news\/wp-json\/wp\/v2\/posts\/26606\/revisions"}],"predecessor-version":[{"id":26607,"href":"https:\/\/www.corumbaonline.com.br\/news\/wp-json\/wp\/v2\/posts\/26606\/revisions\/26607"}],"wp:attachment":[{"href":"https:\/\/www.corumbaonline.com.br\/news\/wp-json\/wp\/v2\/media?parent=26606"}],"wp:term":[{"taxonomy":"category","embeddable":true,"href":"https:\/\/www.corumbaonline.com.br\/news\/wp-json\/wp\/v2\/categories?post=26606"},{"taxonomy":"post_tag","embeddable":true,"href":"https:\/\/www.corumbaonline.com.br\/news\/wp-json\/wp\/v2\/tags?post=26606"}],"curies":[{"name":"wp","href":"https:\/\/api.w.org\/{rel}","templated":true}]}}