{"id":26797,"date":"2019-01-10T17:30:10","date_gmt":"2019-01-10T20:30:10","guid":{"rendered":"http:\/\/www.corumbaonline.com.br\/news\/?p=26797"},"modified":"2019-01-10T17:36:09","modified_gmt":"2019-01-10T20:36:09","slug":"joao-de-deus-e-esposa-sao-indiciados-por-porte-ilegal-de-arma","status":"publish","type":"post","link":"https:\/\/www.corumbaonline.com.br\/news\/joao-de-deus-e-esposa-sao-indiciados-por-porte-ilegal-de-arma\/","title":{"rendered":"Jo\u00e3o de Deus e esposa s\u00e3o indiciados por porte ilegal de arma"},"content":{"rendered":"<p>A Pol\u00edcia Civil de Goi\u00e1s indiciou\u00a0<span id=\"OBJ_PREFIX_DWT2170_com_zimbra_date\" role=\"link\"><span id=\"OBJ_PREFIX_DWT2176_com_zimbra_date\" role=\"link\">hoje<\/span><\/span>\u00a0(10)\u00a0o m\u00e9dium Jo\u00e3o de Deus e sua esposa, Ana Keyla Teixeira, pelo crime de porte ilegal de arma. A investiga\u00e7\u00e3o foi finalizada nesta\u00a0<span id=\"OBJ_PREFIX_DWT2171_com_zimbra_date\" role=\"link\"><span id=\"OBJ_PREFIX_DWT2177_com_zimbra_date\" role=\"link\">quinta<\/span><\/span>-feira e foi baseada nas buscas e apreens\u00f5es realizadas na resid\u00eancia do m\u00e9dium nas cidades goianas de Abadi\u00e2nia e An\u00e1polis ap\u00f3s o surgimento das primeiras den\u00fancias de ass\u00e9dio sexual.<\/p>\n<p>De acordo com a delegada Karla Fernandes, respons\u00e1vel pelas investiga\u00e7\u00f5es envolvendo Jo\u00e3o de Deus, em Goi\u00e2nia, o m\u00e9dium tamb\u00e9m foi indiciado por crime sexual, supostamente cometido em 2016, contra uma mulher que mora atualmente em S\u00e3o Paulo.<\/p>\n<p>Karla tamb\u00e9m informou que outros tr\u00eas inqu\u00e9ritos que estavam em andamento ser\u00e3o arquivados por extin\u00e7\u00e3o de punibilidade, quando o acusado n\u00e3o ser mais punido porque a conduta prescreveu.<\/p>\n<p>O m\u00e9dium\u00a0<span id=\"OBJ_PREFIX_DWT2172_com_zimbra_url\" role=\"link\"><span id=\"OBJ_PREFIX_DWT2178_com_zimbra_url\" role=\"link\"><a href=\"http:\/\/agenciabrasil.ebc.com.br\/geral\/noticia\/2018-12\/justica-de-goias-determina-prisao-de-joao-de-deus\" target=\"_blank\" rel=\"noopener\">est\u00e1 preso<\/a><\/span><\/span>\u00a0desde\u00a0<span id=\"OBJ_PREFIX_DWT2173_com_zimbra_date\" role=\"link\"><span id=\"OBJ_PREFIX_DWT2179_com_zimbra_date\" role=\"link\">16 de dezembro<\/span><\/span>\u00a0sob a acusa\u00e7\u00e3o de viola\u00e7\u00e3o sexual mediante fraude e de estupro de vulner\u00e1vel, crime que teria sido praticado contra centenas de mulheres. O\u00a0Minist\u00e9rio P\u00fablico de Goi\u00e1s, que formou uma for\u00e7a-tarefa para cuidar do caso,\u00a0recebeu\u00a0<span id=\"OBJ_PREFIX_DWT2174_com_zimbra_url\" role=\"link\"><span id=\"OBJ_PREFIX_DWT2180_com_zimbra_url\" role=\"link\">mais de 330 den\u00fancias<\/span><\/span>\u00a0de abuso sexual contra Jo\u00e3o de Deus de diversos estados brasileiros e do Distrito Federal.<\/p>\n<p><span id=\"OBJ_PREFIX_DWT2175_com_zimbra_date\" role=\"link\"><span id=\"OBJ_PREFIX_DWT2181_com_zimbra_date\" role=\"link\">Ontem<\/span><\/span>\u00a0(9),\u00a0a ju\u00edza Ros\u00e2ngela Rodrigues dos Santos, da Justi\u00e7a de Abadi\u00e2nia (GO), aceitou a primeira apresentada pelo Minist\u00e9rio P\u00fablico contra o m\u00e9dium pelos crimes de estupro de vulner\u00e1vel e viola\u00e7\u00e3o sexual.<\/p>\n<p>Ap\u00f3s o recebimento da den\u00fancia, o advogado Alberto Toron, representante de Jo\u00e3o de Deus, disse que ainda n\u00e3o foi notificado da decis\u00e3o, mas que confia na Justi\u00e7a.<\/p>\n","protected":false},"excerpt":{"rendered":"<p>A Pol\u00edcia Civil de Goi\u00e1s indiciou\u00a0hoje\u00a0(10)\u00a0o m\u00e9dium Jo\u00e3o de Deus e sua esposa, Ana Keyla&#8230;<\/p>\n","protected":false},"author":1,"featured_media":0,"comment_status":"closed","ping_status":"closed","sticky":false,"template":"","format":"standard","meta":{"footnotes":""},"categories":[14],"tags":[],"class_list":["post-26797","post","type-post","status-publish","format-standard","hentry","category-geral"],"_links":{"self":[{"href":"https:\/\/www.corumbaonline.com.br\/news\/wp-json\/wp\/v2\/posts\/26797","targetHints":{"allow":["GET"]}}],"collection":[{"href":"https:\/\/www.corumbaonline.com.br\/news\/wp-json\/wp\/v2\/posts"}],"about":[{"href":"https:\/\/www.corumbaonline.com.br\/news\/wp-json\/wp\/v2\/types\/post"}],"author":[{"embeddable":true,"href":"https:\/\/www.corumbaonline.com.br\/news\/wp-json\/wp\/v2\/users\/1"}],"replies":[{"embeddable":true,"href":"https:\/\/www.corumbaonline.com.br\/news\/wp-json\/wp\/v2\/comments?post=26797"}],"version-history":[{"count":1,"href":"https:\/\/www.corumbaonline.com.br\/news\/wp-json\/wp\/v2\/posts\/26797\/revisions"}],"predecessor-version":[{"id":26798,"href":"https:\/\/www.corumbaonline.com.br\/news\/wp-json\/wp\/v2\/posts\/26797\/revisions\/26798"}],"wp:attachment":[{"href":"https:\/\/www.corumbaonline.com.br\/news\/wp-json\/wp\/v2\/media?parent=26797"}],"wp:term":[{"taxonomy":"category","embeddable":true,"href":"https:\/\/www.corumbaonline.com.br\/news\/wp-json\/wp\/v2\/categories?post=26797"},{"taxonomy":"post_tag","embeddable":true,"href":"https:\/\/www.corumbaonline.com.br\/news\/wp-json\/wp\/v2\/tags?post=26797"}],"curies":[{"name":"wp","href":"https:\/\/api.w.org\/{rel}","templated":true}]}}