{"id":26799,"date":"2019-01-10T18:52:13","date_gmt":"2019-01-10T21:52:13","guid":{"rendered":"http:\/\/www.corumbaonline.com.br\/news\/?p=26799"},"modified":"2019-01-11T09:47:04","modified_gmt":"2019-01-11T12:47:04","slug":"com-convite-para-festa-dos-300-anos-cuiaba-reforca-identidade-cultural-com-corumba","status":"publish","type":"post","link":"https:\/\/www.corumbaonline.com.br\/news\/com-convite-para-festa-dos-300-anos-cuiaba-reforca-identidade-cultural-com-corumba\/","title":{"rendered":"Com convite para festa dos 300 anos, Cuiab\u00e1 refor\u00e7a identidade cultural com Corumb\u00e1"},"content":{"rendered":"\n<p>Representantes da Prefeitura de Cuiab\u00e1 convidaram o prefeito Marcelo \nIunes para participar das celebra\u00e7\u00f5es dos 300 anos de funda\u00e7\u00e3o da \ncapital do estado de Mato Grosso, que ser\u00e3o completados no pr\u00f3ximo dia \n08 de abril. O convite foi feito na tarde desta quinta-feira, 10 de \njaneiro, pelo secret\u00e1rio municipal de Cultura, Esporte e Turismo daquela\n cidade, Francisco Ant\u00f4nio Vuolo, e pela secret\u00e1ria extraordin\u00e1ria dos \n300 anos de Cuiab\u00e1, Cely Maria Auxiliadora Barros Almeida.<\/p>\n\n\n\n<p>Al\u00e9m do convite, a comitiva tamb\u00e9m apresentou a proposta de monumento\n que ser\u00e1 entregue a Corumb\u00e1 pelo prefeito cuiabano, Emanuel Pinheiro. A\n iniciativa retribui o presente oferecido em 1919 pelos corumbaenses em \nhomenagem ao bicenten\u00e1rio de Cuiab\u00e1. O obelisco presenteado atualmente \nest\u00e1 instalado na pra\u00e7a Luiz de Albuquerque, na orla do rio Cuiab\u00e1, na \ncapital mato-grossense.<\/p>\n\n\n\n<p>O monumento ofertado pelo povo de Corumb\u00e1 no s\u00e9culo passado \u00e9 uma \nr\u00e9plica do Obelisco de Rams\u00e9s II que se encontra na pra\u00e7a da Rep\u00fablica \u2013\n em frente ao pr\u00e9dio do Instituto Luiz de Albuquerque (ILA) e Igreja \nMatriz de Nossa Senhora da Candel\u00e1ria \u2013 que homenageia os her\u00f3is da \nGuerra contra o Paraguai e \u00e9 inspirado no existente na pra\u00e7a da \nConc\u00f3rdia, em Paris, que foi constru\u00eddo a mando do fara\u00f3 eg\u00edpcio Rams\u00e9s \nII, em 4000 a.C.<\/p>\n\n\n\n<p>\u201cCorumb\u00e1 e Cuiab\u00e1 tem uma identidade cultural e hist\u00f3rica muito \nfortes, juntos estes dois munic\u00edpios foram os respons\u00e1veis pelo \ndesenvolvimento do Mato Grosso uno\u201d, disse Francisco Vuolo. \u201cEstamos \npropondo ao prefeito Marcelo Iunes a entrega desse monumento, que \nsimboliza uma viola de cocho e elementos de nossa integra\u00e7\u00e3o cultural e \nhist\u00f3rica com Corumb\u00e1\u201d, completou o secret\u00e1rio de Cultura, Esporte e \nTurismo da capital de Mato Grosso.&nbsp; Ele antecipou que a entrega do \nmonumento deve ser feita em mar\u00e7o, durante visita do prefeito cuiabano a\n Corumb\u00e1.<\/p>\n\n\n\n<p>A secret\u00e1ria extraordin\u00e1ria dos 300 anos de Cuiab\u00e1, Cely Almeida, \nrefor\u00e7ou o convite ao prefeito Marcelo Iunes ao destacar o calend\u00e1rio do\n evento tricenten\u00e1rio. \u201cO anivers\u00e1rio dos 300 anos \u00e9 no dia 08 de abril,\n mas as festividades efetivamente come\u00e7am no dia 05 de abril. Fazemos \naqui o convite oficial para contarmos com sua presen\u00e7a\u201d, disse \ncomplementando que a cidade vem realizando uma s\u00e9rie de atividades \nreferentes \u00e0 data. &nbsp;<\/p>\n\n\n\n<p>O chefe do Executivo corumbaense destacou a \u201cidentifica\u00e7\u00e3o \nhist\u00f3rico-cultural\u201d existente entre os povos de Corumb\u00e1 e Cuiab\u00e1 apesar \nda dist\u00e2ncia. \u201cSomos cidades irm\u00e3s, nossos povos t\u00eam uma rela\u00e7\u00e3o \ncultural e hist\u00f3rica muito fortes, uma identidade mesmo. Juntas, nossas \ncidades tiveram import\u00e2ncia fundamental no crescimento e desenvolvimento\n do Mato Grosso integrado. Seguimos agora com a miss\u00e3o de fortalecermos \nos la\u00e7os e promovermos uma integra\u00e7\u00e3o tur\u00edstica, cultural entre nossos \nmunic\u00edpios\u201d, afirmou Marcelo Iunes.<\/p>\n\n\n\n<p>O prefeito agradeceu ao convite e determinou ao diretor-presidente da\n Funda\u00e7\u00e3o da Cultura e do Patrim\u00f4nio Hist\u00f3rico de Corumb\u00e1, Joilson Silva\n da Cruz (que participou do encontro), para estudar o enviou de uma \nrepresenta\u00e7\u00e3o cultural de Corumb\u00e1 para se apresentar durante as \nfestividades dos 300 anos de Cuiab\u00e1. Iunes ainda afirmou que o Munic\u00edpio\n j\u00e1 estuda um local para instalar o monumento a ser entregue pelos \ncuiabanos ao povo corumbaense.<\/p>\n\n\n\n<p>A comitiva mato-grossense tamb\u00e9m conta com os assessores Karen Caroline Ferreira e P\u00fablio Paes de Barros J\u00fanior.<\/p>\n","protected":false},"excerpt":{"rendered":"<p>Representantes da Prefeitura de Cuiab\u00e1 convidaram o prefeito Marcelo Iunes para participar das celebra\u00e7\u00f5es dos&#8230;<\/p>\n","protected":false},"author":1,"featured_media":26800,"comment_status":"closed","ping_status":"closed","sticky":false,"template":"","format":"standard","meta":{"footnotes":""},"categories":[8,14],"tags":[],"class_list":["post-26799","post","type-post","status-publish","format-standard","has-post-thumbnail","hentry","category-destaque","category-geral"],"_links":{"self":[{"href":"https:\/\/www.corumbaonline.com.br\/news\/wp-json\/wp\/v2\/posts\/26799","targetHints":{"allow":["GET"]}}],"collection":[{"href":"https:\/\/www.corumbaonline.com.br\/news\/wp-json\/wp\/v2\/posts"}],"about":[{"href":"https:\/\/www.corumbaonline.com.br\/news\/wp-json\/wp\/v2\/types\/post"}],"author":[{"embeddable":true,"href":"https:\/\/www.corumbaonline.com.br\/news\/wp-json\/wp\/v2\/users\/1"}],"replies":[{"embeddable":true,"href":"https:\/\/www.corumbaonline.com.br\/news\/wp-json\/wp\/v2\/comments?post=26799"}],"version-history":[{"count":1,"href":"https:\/\/www.corumbaonline.com.br\/news\/wp-json\/wp\/v2\/posts\/26799\/revisions"}],"predecessor-version":[{"id":26801,"href":"https:\/\/www.corumbaonline.com.br\/news\/wp-json\/wp\/v2\/posts\/26799\/revisions\/26801"}],"wp:featuredmedia":[{"embeddable":true,"href":"https:\/\/www.corumbaonline.com.br\/news\/wp-json\/wp\/v2\/media\/26800"}],"wp:attachment":[{"href":"https:\/\/www.corumbaonline.com.br\/news\/wp-json\/wp\/v2\/media?parent=26799"}],"wp:term":[{"taxonomy":"category","embeddable":true,"href":"https:\/\/www.corumbaonline.com.br\/news\/wp-json\/wp\/v2\/categories?post=26799"},{"taxonomy":"post_tag","embeddable":true,"href":"https:\/\/www.corumbaonline.com.br\/news\/wp-json\/wp\/v2\/tags?post=26799"}],"curies":[{"name":"wp","href":"https:\/\/api.w.org\/{rel}","templated":true}]}}