{"id":26841,"date":"2019-01-13T10:00:27","date_gmt":"2019-01-13T13:00:27","guid":{"rendered":"http:\/\/www.corumbaonline.com.br\/news\/?p=26841"},"modified":"2019-01-13T11:55:49","modified_gmt":"2019-01-13T14:55:49","slug":"defesa-de-battisti-pede-respeito-aos-direitos-fundamentais","status":"publish","type":"post","link":"https:\/\/www.corumbaonline.com.br\/news\/defesa-de-battisti-pede-respeito-aos-direitos-fundamentais\/","title":{"rendered":"Defesa de Battisti pede &#8220;respeito aos direitos fundamentais&#8221;"},"content":{"rendered":"<p>O advogado Igor Tamasauskas, que defende o italiano Cesare Battisti, disse em nota que espera que o caso \u201ctenha um desfecho de respeito aos direitos fundamentais de nosso cliente\u201d.\u00a0<a href=\"http:\/\/agenciabrasil.ebc.com.br\/internacional\/noticia\/2019-01\/battisti-e-preso-na-bolivia-e-pode-ser-extraditado-qualquer-momento\">Battisti foi preso na Bol\u00edvia<\/a>, em Santa Cruz de La Sierra, por volta das 17h de ontem (12).<\/p>\n<p>\u201cA respeito da pris\u00e3o do Cesare Batistti temos a informar que, como as not\u00edcias d\u00e3o conta de que ele n\u00e3o se encontra no Brasil, seus advogados brasileiros n\u00e3o possuem habilita\u00e7\u00e3o legal para atuar em outra jurisdi\u00e7\u00e3o que n\u00e3o a brasileira. Esperamos que o caso tenha um desfecho de respeito aos direitos fundamentais de nosso cliente\u201d, diz Tamasauskas.<\/p>\n<p>As autoridades avaliam se a extradi\u00e7\u00e3o para a It\u00e1lia ser\u00e1 feita diretamente da Bol\u00edvia ou se Battisti ser\u00e1 enviado para o Brasil e, assim ser encaminhado para a Europa. H\u00e1 uma aeronave do governo italiano com agentes da Aise, a ag\u00eancia de intelig\u00eancia do pa\u00eds, aguardando orienta\u00e7\u00f5es, em territ\u00f3rio boliviano.<\/p>\n<p><a href=\"http:\/\/agenciabrasil.ebc.com.br\/justica\/noticia\/2019-01\/governo-esta-tomando-providencias-para-extradicao-de-battisti\">Em nota conjunta<\/a>, os minist\u00e9rios da Justi\u00e7a e Seguran\u00e7a P\u00fablica e o das Rela\u00e7\u00f5es Exteriores do Brasil informam que est\u00e3o tomando todas as provid\u00eancias necess\u00e1rias, em coopera\u00e7\u00e3o com o Governo da Bol\u00edvia e com o Governo da It\u00e1lia, para cumprir a extradi\u00e7\u00e3o de Battisti e entreg\u00e1-lo \u00e0s autoridades italianas.<\/p>\n<h2>Condena\u00e7\u00e3o<\/h2>\n<p>Condenado \u00e0 pris\u00e3o perp\u00e9tua na It\u00e1lia, Battisti foi sentenciado pelo assassinato de quatro pessoas, na d\u00e9cada de 1970, quando integrava o grupo Prolet\u00e1rios Armados pelo Comunismo, um bra\u00e7o das Brigadas Vermelhas. Ele se diz inocente. Para as autoridades brasileiras, ele \u00e9 considerado terrorista.<\/p>\n<p>No Brasil desde 2004, o italiano foi preso tr\u00eas anos depois. O governo da It\u00e1lia pediu sua extradi\u00e7\u00e3o, aceita pelo STF. Contudo, no \u00faltimo dia de seu mandato, em dezembro de 2010, o ent\u00e3o presidente Luiz In\u00e1cio Lula da Silva decidiu que Battisti deveria ficar no Brasil, e o ato foi confirmado pela Suprema Corte. Nos \u00faltimos dias do governo Michel Temer, no entanto, o STF decidiu pela extradi\u00e7\u00e3o. A medida j\u00e1 era defendida, ainda em campanha pelo atual presidente Jair Bolsonaro.<\/p>\n","protected":false},"excerpt":{"rendered":"<p>O advogado Igor Tamasauskas, que defende o italiano Cesare Battisti, disse em nota que espera&#8230;<\/p>\n","protected":false},"author":1,"featured_media":26842,"comment_status":"closed","ping_status":"closed","sticky":false,"template":"","format":"standard","meta":{"footnotes":""},"categories":[15],"tags":[],"class_list":["post-26841","post","type-post","status-publish","format-standard","has-post-thumbnail","hentry","category-internacional"],"_links":{"self":[{"href":"https:\/\/www.corumbaonline.com.br\/news\/wp-json\/wp\/v2\/posts\/26841","targetHints":{"allow":["GET"]}}],"collection":[{"href":"https:\/\/www.corumbaonline.com.br\/news\/wp-json\/wp\/v2\/posts"}],"about":[{"href":"https:\/\/www.corumbaonline.com.br\/news\/wp-json\/wp\/v2\/types\/post"}],"author":[{"embeddable":true,"href":"https:\/\/www.corumbaonline.com.br\/news\/wp-json\/wp\/v2\/users\/1"}],"replies":[{"embeddable":true,"href":"https:\/\/www.corumbaonline.com.br\/news\/wp-json\/wp\/v2\/comments?post=26841"}],"version-history":[{"count":1,"href":"https:\/\/www.corumbaonline.com.br\/news\/wp-json\/wp\/v2\/posts\/26841\/revisions"}],"predecessor-version":[{"id":26843,"href":"https:\/\/www.corumbaonline.com.br\/news\/wp-json\/wp\/v2\/posts\/26841\/revisions\/26843"}],"wp:featuredmedia":[{"embeddable":true,"href":"https:\/\/www.corumbaonline.com.br\/news\/wp-json\/wp\/v2\/media\/26842"}],"wp:attachment":[{"href":"https:\/\/www.corumbaonline.com.br\/news\/wp-json\/wp\/v2\/media?parent=26841"}],"wp:term":[{"taxonomy":"category","embeddable":true,"href":"https:\/\/www.corumbaonline.com.br\/news\/wp-json\/wp\/v2\/categories?post=26841"},{"taxonomy":"post_tag","embeddable":true,"href":"https:\/\/www.corumbaonline.com.br\/news\/wp-json\/wp\/v2\/tags?post=26841"}],"curies":[{"name":"wp","href":"https:\/\/api.w.org\/{rel}","templated":true}]}}