{"id":26844,"date":"2019-01-13T08:00:16","date_gmt":"2019-01-13T11:00:16","guid":{"rendered":"http:\/\/www.corumbaonline.com.br\/news\/?p=26844"},"modified":"2019-01-13T11:59:53","modified_gmt":"2019-01-13T14:59:53","slug":"battisti-e-preso-na-bolivia-e-pode-ser-extraditado-a-qualquer-momento-2","status":"publish","type":"post","link":"https:\/\/www.corumbaonline.com.br\/news\/battisti-e-preso-na-bolivia-e-pode-ser-extraditado-a-qualquer-momento-2\/","title":{"rendered":"Battisti \u00e9 preso na Bol\u00edvia e pode ser extraditado a qualquer momento"},"content":{"rendered":"<p>O italiano Cesare Battisti, de 64 anos, cuja extradi\u00e7\u00e3o foi determinada pelo Supremo Tribunal Federal (STF), em 13 de dezembro do ano passado,\u00a0<a href=\"http:\/\/agenciabrasil.ebc.com.br\/geral\/noticia\/2018-12\/cesare-battisti-esta-foragido-ha-quase-uma-semana\">foi capturado na Bol\u00edvia<\/a>. De acordo com as autoridades da It\u00e1lia,\u00a0<a href=\"http:\/\/agenciabrasil.ebc.com.br\/politica\/noticia\/2018-12\/forcas-internacionais-ajudarao-encontrar-battisti-diz-pf\">a deten\u00e7\u00e3o foi poss\u00edvel pela parceria entre investigadores italianos e bolivianos<\/a>. Ele caminhava tranquilamente pela rua e usava uma barba falsa.<\/p>\n<p>Battisti estava em Santa Cruz de La Sierra, uma das principais cidades da Bol\u00edvia, e foi capturado por volta das 17h deste s\u00e1bado (12). Segundo relatos, ele n\u00e3o tentou escapar. Questionado pelos policiais, respondeu em portugu\u00eas. O italiano usava cal\u00e7a azul e camiseta, \u00f3culos escuros e barba falsa.<\/p>\n<p>As autoridades avaliam se a extradi\u00e7\u00e3o para a It\u00e1lia ser\u00e1 feita diretamente da Bol\u00edvia ou se Battisti ser\u00e1 enviado para o Brasil e, assim ser encaminhado para a Europa. H\u00e1 uma aeronave do governo italiano com agentes da Aise, a ag\u00eancia de intelig\u00eancia do pa\u00eds, aguardando orienta\u00e7\u00f5es, em territ\u00f3rio boliviano.<\/p>\n<h2>Condena\u00e7\u00e3o<\/h2>\n<p>Condenado \u00e0 pris\u00e3o perp\u00e9tua na It\u00e1lia, Battisti foi sentenciado pelo assassinato de quatro pessoas, na d\u00e9cada de 1970, quando integrava o grupo Prolet\u00e1rios Armados pelo Comunismo, um bra\u00e7o das Brigadas Vermelhas. Ele se diz inocente. Para as autoridades brasileiras, ele \u00e9 considerado terrorista.<\/p>\n<p>No Brasil desde 2004, o italiano foi preso tr\u00eas anos depois. O governo da It\u00e1lia pediu sua extradi\u00e7\u00e3o, aceita pelo STF. Contudo, no \u00faltimo dia de seu mandato, em dezembro de 2010, o ent\u00e3o presidente Luiz In\u00e1cio Lula da Silva decidiu que Battisti deveria ficar no Brasil, e o ato foi confirmado pela Suprema Corte.<\/p>\n<p>O presidente Jair Bolsonaro, mesmo antes de empossado, defendia a extradi\u00e7\u00e3o de Battisti. Nos \u00faltimos dias do governo Michel Temer,\u00a0<a href=\"http:\/\/agenciabrasil.ebc.com.br\/politica\/noticia\/2018-12\/presidente-italiano-agradece-temer-por-assinar-extradicao-de-battist\">houve a decis\u00e3o do STF<\/a>. Ap\u00f3s dias de buscas, a Pol\u00edcia Federal divulgou 20 simula\u00e7\u00f5es sobre a poss\u00edvel apar\u00eancia do italiano.<\/p>\n","protected":false},"excerpt":{"rendered":"<p>O italiano Cesare Battisti, de 64 anos, cuja extradi\u00e7\u00e3o foi determinada pelo Supremo Tribunal Federal&#8230;<\/p>\n","protected":false},"author":1,"featured_media":26842,"comment_status":"closed","ping_status":"closed","sticky":false,"template":"","format":"standard","meta":{"footnotes":""},"categories":[8,15],"tags":[],"class_list":["post-26844","post","type-post","status-publish","format-standard","has-post-thumbnail","hentry","category-destaque","category-internacional"],"_links":{"self":[{"href":"https:\/\/www.corumbaonline.com.br\/news\/wp-json\/wp\/v2\/posts\/26844","targetHints":{"allow":["GET"]}}],"collection":[{"href":"https:\/\/www.corumbaonline.com.br\/news\/wp-json\/wp\/v2\/posts"}],"about":[{"href":"https:\/\/www.corumbaonline.com.br\/news\/wp-json\/wp\/v2\/types\/post"}],"author":[{"embeddable":true,"href":"https:\/\/www.corumbaonline.com.br\/news\/wp-json\/wp\/v2\/users\/1"}],"replies":[{"embeddable":true,"href":"https:\/\/www.corumbaonline.com.br\/news\/wp-json\/wp\/v2\/comments?post=26844"}],"version-history":[{"count":1,"href":"https:\/\/www.corumbaonline.com.br\/news\/wp-json\/wp\/v2\/posts\/26844\/revisions"}],"predecessor-version":[{"id":26845,"href":"https:\/\/www.corumbaonline.com.br\/news\/wp-json\/wp\/v2\/posts\/26844\/revisions\/26845"}],"wp:featuredmedia":[{"embeddable":true,"href":"https:\/\/www.corumbaonline.com.br\/news\/wp-json\/wp\/v2\/media\/26842"}],"wp:attachment":[{"href":"https:\/\/www.corumbaonline.com.br\/news\/wp-json\/wp\/v2\/media?parent=26844"}],"wp:term":[{"taxonomy":"category","embeddable":true,"href":"https:\/\/www.corumbaonline.com.br\/news\/wp-json\/wp\/v2\/categories?post=26844"},{"taxonomy":"post_tag","embeddable":true,"href":"https:\/\/www.corumbaonline.com.br\/news\/wp-json\/wp\/v2\/tags?post=26844"}],"curies":[{"name":"wp","href":"https:\/\/api.w.org\/{rel}","templated":true}]}}