{"id":26846,"date":"2019-01-13T10:30:12","date_gmt":"2019-01-13T13:30:12","guid":{"rendered":"http:\/\/www.corumbaonline.com.br\/news\/?p=26846"},"modified":"2019-01-13T12:46:45","modified_gmt":"2019-01-13T15:46:45","slug":"aviao-do-governo-italiano-vai-para-bolivia-buscar-battisti","status":"publish","type":"post","link":"https:\/\/www.corumbaonline.com.br\/news\/aviao-do-governo-italiano-vai-para-bolivia-buscar-battisti\/","title":{"rendered":"Avi\u00e3o do governo italiano vai para Bol\u00edvia buscar Battisti"},"content":{"rendered":"<p>O primeiro-ministro da It\u00e1lia, Giuseppe Conte, informou hoje (13) que um avi\u00e3o do governo italiano est\u00e1 a caminho da Bol\u00edvia para buscar Cesare Battisti. Segundo o premi\u00ea, o avi\u00e3o pousar\u00e1 por volta das 14h, no hor\u00e1rio de Bras\u00edlia.<\/p>\n<p>\u201cUm de nossos avi\u00f5es est\u00e1 viajando para a Bol\u00edvia, onde pousar\u00e1 por volta das 17h (hor\u00e1rio da It\u00e1lia), com o objetivo de tomar Battisti e traz\u00ea-lo de volta para a It\u00e1lia. Esperando por ele aqui teremos nossas cadeias para expiar as senten\u00e7as de pris\u00e3o perp\u00e9tua que os tribunais italianos infligiram na \u00e9poca com senten\u00e7as proferidas em julgamento, certamente n\u00e3o por causa de suas ideias pol\u00edticas, mas pelos quatro crimes cometidos e pelos v\u00e1rios crimes relacionados \u00e0 luta armada e ao terrorismo\u201d, disse no Facebook.<\/p>\n<p>O primeiro-ministro elogiou o esfor\u00e7o dos servi\u00e7os de intelig\u00eancia e as for\u00e7as policiais italianas e a colabora\u00e7\u00e3o das autoridades brasileiras e bolivianas.<\/p>\n<h2>Nota<\/h2>\n<p>Em nota conjunta, o Minist\u00e9rio da Justi\u00e7a e Seguran\u00e7a P\u00fablica e o Minist\u00e9rio das Rela\u00e7\u00f5es Exteriores disseram que est\u00e3o tomando todas as provid\u00eancias necess\u00e1rias, em coopera\u00e7\u00e3o com o Governo da Bol\u00edvia e com o Governo da It\u00e1lia, para cumprir a extradi\u00e7\u00e3o de Battisti e entreg\u00e1-lo \u00e0s autoridades italianas.<\/p>\n<h2>Foragido<\/h2>\n<p>Foragido desde dezembro, Battisti foi capturado em Santa Cruz de La Sierra por volta das 17h de ontem (12). Segundo relatos, ele n\u00e3o tentou escapar. Questionado pelos policiais, respondeu em portugu\u00eas. O italiano usava cal\u00e7a azul e camiseta, \u00f3culos escuros e barba falsa.<\/p>\n<p>A extradi\u00e7\u00e3o do italiano foi determinada pelo Supremo Tribunal Federal (STF), em 13 de dezembro do ano passado.<\/p>\n<p>As autoridades avaliam se a extradi\u00e7\u00e3o para a It\u00e1lia ser\u00e1 feita diretamente da Bol\u00edvia ou se Battisti ser\u00e1 enviado para o Brasil e, assim ser encaminhado para a Europa.<\/p>\n<h2>Condena\u00e7\u00e3o<\/h2>\n<p>Condenado \u00e0 pris\u00e3o perp\u00e9tua na It\u00e1lia, Battisti foi sentenciado pelo assassinato de quatro pessoas, na d\u00e9cada de 1970, quando integrava o grupo Prolet\u00e1rios Armados pelo Comunismo, um bra\u00e7o das Brigadas Vermelhas. Ele se diz inocente. Para as autoridades brasileiras, ele \u00e9 considerado terrorista.<\/p>\n<p>No Brasil desde 2004, o italiano foi preso tr\u00eas anos depois. O governo da It\u00e1lia pediu sua extradi\u00e7\u00e3o, aceita pelo STF. Contudo, no \u00faltimo dia de seu mandato, em dezembro de 2010, o ent\u00e3o presidente Luiz In\u00e1cio Lula da Silva decidiu que Battisti deveria ficar no Brasil, e o ato foi confirmado pela Suprema Corte.<\/p>\n<p>Nos \u00faltimos dias do governo Michel Temer, no entanto, o STF decidiu pela extradi\u00e7\u00e3o. A medida j\u00e1 era defendida, ainda em campanha pelo atual presidente Jair Bolsonaro.<\/p>\n","protected":false},"excerpt":{"rendered":"<p>O primeiro-ministro da It\u00e1lia, Giuseppe Conte, informou hoje (13) que um avi\u00e3o do governo italiano&#8230;<\/p>\n","protected":false},"author":1,"featured_media":0,"comment_status":"closed","ping_status":"closed","sticky":false,"template":"","format":"standard","meta":{"footnotes":""},"categories":[15],"tags":[],"class_list":["post-26846","post","type-post","status-publish","format-standard","hentry","category-internacional"],"_links":{"self":[{"href":"https:\/\/www.corumbaonline.com.br\/news\/wp-json\/wp\/v2\/posts\/26846","targetHints":{"allow":["GET"]}}],"collection":[{"href":"https:\/\/www.corumbaonline.com.br\/news\/wp-json\/wp\/v2\/posts"}],"about":[{"href":"https:\/\/www.corumbaonline.com.br\/news\/wp-json\/wp\/v2\/types\/post"}],"author":[{"embeddable":true,"href":"https:\/\/www.corumbaonline.com.br\/news\/wp-json\/wp\/v2\/users\/1"}],"replies":[{"embeddable":true,"href":"https:\/\/www.corumbaonline.com.br\/news\/wp-json\/wp\/v2\/comments?post=26846"}],"version-history":[{"count":1,"href":"https:\/\/www.corumbaonline.com.br\/news\/wp-json\/wp\/v2\/posts\/26846\/revisions"}],"predecessor-version":[{"id":26847,"href":"https:\/\/www.corumbaonline.com.br\/news\/wp-json\/wp\/v2\/posts\/26846\/revisions\/26847"}],"wp:attachment":[{"href":"https:\/\/www.corumbaonline.com.br\/news\/wp-json\/wp\/v2\/media?parent=26846"}],"wp:term":[{"taxonomy":"category","embeddable":true,"href":"https:\/\/www.corumbaonline.com.br\/news\/wp-json\/wp\/v2\/categories?post=26846"},{"taxonomy":"post_tag","embeddable":true,"href":"https:\/\/www.corumbaonline.com.br\/news\/wp-json\/wp\/v2\/tags?post=26846"}],"curies":[{"name":"wp","href":"https:\/\/api.w.org\/{rel}","templated":true}]}}