{"id":26848,"date":"2019-01-13T11:47:10","date_gmt":"2019-01-13T14:47:10","guid":{"rendered":"http:\/\/www.corumbaonline.com.br\/news\/?p=26848"},"modified":"2019-01-13T13:34:25","modified_gmt":"2019-01-13T16:34:25","slug":"battisti-fara-escala-no-brasil-antes-de-ser-extraditado-para-italia","status":"publish","type":"post","link":"https:\/\/www.corumbaonline.com.br\/news\/battisti-fara-escala-no-brasil-antes-de-ser-extraditado-para-italia\/","title":{"rendered":"Battisti far\u00e1 escala no Brasil antes de ser extraditado para It\u00e1lia"},"content":{"rendered":"<p>O italiano Cesare Battisti far\u00e1 escala no Brasil antes de ser extraditado para a It\u00e1lia. A decis\u00e3o foi anunciada pelo ministro do Gabinete de Seguran\u00e7a Institucional (GSI), general Augusto Heleno, ap\u00f3s reuni\u00e3o no Pal\u00e1cio da Alvorada, com o presidente Jair Bolsonaro, o ministro da Justi\u00e7a e da Seguran\u00e7a P\u00fablica, Sergio Moro, e o chanceler Ernesto Ara\u00fajo. Foragido desde dezembro, Battisti foi capturado em Santa Cruz de La Sierra, na Bol\u00edvia, por volta das 17h de ontem (12).<\/p>\n<p>Mais cedo, o primeiro-ministro da It\u00e1lia, Giuseppe Conte, chegou a informar que um\u00a0<a href=\"http:\/\/agenciabrasil.ebc.com.br\/internacional\/noticia\/2019-01\/aviao-do-governo-italiano-vai-para-bolivia-buscar-battisti\" target=\"_blank\" rel=\"noopener\">avi\u00e3o do governo italiano<\/a>\u00a0est\u00e1 a caminho da Bol\u00edvia para buscar Cesare Battisti. Segundo o premi\u00ea, o avi\u00e3o pousar\u00e1 por volta das 14h, no hor\u00e1rio de Bras\u00edlia.<\/p>\n<p>Heleno, no entanto, disse que Battisti ser\u00e1 trazido para o Brasil num avi\u00e3o da Pol\u00edcia Federal e trocar\u00e1 de avi\u00e3o antes de seguir para a It\u00e1lia. Segundo ele, o avi\u00e3o que buscar\u00e1 o italiano na Bol\u00edvia n\u00e3o tem capacidade para voar direto at\u00e9 a Europa, tornando necess\u00e1ria a escala.<\/p>\n<h2>Pris\u00e3o perp\u00e9tua<\/h2>\n<p>Conforme o governo brasileiro, a decis\u00e3o de trazer Battisti para o Brasil foi tomada conjuntamente com o governo italiano, levando em considera\u00e7\u00e3o quest\u00f5es de seguran\u00e7a. Condenado \u00e0 pris\u00e3o perp\u00e9tua na It\u00e1lia, Battisti foi sentenciado pelo assassinato de quatro pessoas, na d\u00e9cada de 1970, quando integrava o grupo Prolet\u00e1rios Armados pelo Comunismo, bra\u00e7o das Brigadas Vermelhas. Ele se diz inocente. Para as autoridades brasileiras, ele \u00e9 considerado terrorista.<\/p>\n<p>No Brasil desde 2004, o italiano foi preso tr\u00eas anos depois. O governo da It\u00e1lia pediu sua extradi\u00e7\u00e3o, aceita pelo Supremo Tribunal Federal (STF). No entanto, no \u00faltimo dia de seu mandato, em dezembro de 2010, o ent\u00e3o presidente Luiz In\u00e1cio Lula da Silva decidiu que Battisti deveria ficar no Brasil, e o ato foi confirmado pela Suprema Corte.<\/p>\n<p>Nos \u00faltimos dias do governo Michel Temer, o STF decidiu pela extradi\u00e7\u00e3o. A medida era defendida ainda em campanha pelo presidente Jair Bolsonaro.<\/p>\n","protected":false},"excerpt":{"rendered":"<p>O italiano Cesare Battisti far\u00e1 escala no Brasil antes de ser extraditado para a It\u00e1lia&#8230;.<\/p>\n","protected":false},"author":1,"featured_media":0,"comment_status":"closed","ping_status":"closed","sticky":false,"template":"","format":"standard","meta":{"footnotes":""},"categories":[15],"tags":[],"class_list":["post-26848","post","type-post","status-publish","format-standard","hentry","category-internacional"],"_links":{"self":[{"href":"https:\/\/www.corumbaonline.com.br\/news\/wp-json\/wp\/v2\/posts\/26848","targetHints":{"allow":["GET"]}}],"collection":[{"href":"https:\/\/www.corumbaonline.com.br\/news\/wp-json\/wp\/v2\/posts"}],"about":[{"href":"https:\/\/www.corumbaonline.com.br\/news\/wp-json\/wp\/v2\/types\/post"}],"author":[{"embeddable":true,"href":"https:\/\/www.corumbaonline.com.br\/news\/wp-json\/wp\/v2\/users\/1"}],"replies":[{"embeddable":true,"href":"https:\/\/www.corumbaonline.com.br\/news\/wp-json\/wp\/v2\/comments?post=26848"}],"version-history":[{"count":1,"href":"https:\/\/www.corumbaonline.com.br\/news\/wp-json\/wp\/v2\/posts\/26848\/revisions"}],"predecessor-version":[{"id":26849,"href":"https:\/\/www.corumbaonline.com.br\/news\/wp-json\/wp\/v2\/posts\/26848\/revisions\/26849"}],"wp:attachment":[{"href":"https:\/\/www.corumbaonline.com.br\/news\/wp-json\/wp\/v2\/media?parent=26848"}],"wp:term":[{"taxonomy":"category","embeddable":true,"href":"https:\/\/www.corumbaonline.com.br\/news\/wp-json\/wp\/v2\/categories?post=26848"},{"taxonomy":"post_tag","embeddable":true,"href":"https:\/\/www.corumbaonline.com.br\/news\/wp-json\/wp\/v2\/tags?post=26848"}],"curies":[{"name":"wp","href":"https:\/\/api.w.org\/{rel}","templated":true}]}}