{"id":26851,"date":"2019-01-13T17:00:47","date_gmt":"2019-01-13T20:00:47","guid":{"rendered":"http:\/\/www.corumbaonline.com.br\/news\/?p=26851"},"modified":"2019-01-13T18:03:02","modified_gmt":"2019-01-13T21:03:02","slug":"battisti-seguira-da-bolivia-direto-para-a-italia","status":"publish","type":"post","link":"https:\/\/www.corumbaonline.com.br\/news\/battisti-seguira-da-bolivia-direto-para-a-italia\/","title":{"rendered":"Battisti seguir\u00e1 da Bol\u00edvia direto para a It\u00e1lia"},"content":{"rendered":"<p>Autoridades italianas e bolivianas confirmaram hoje (13) \u00e0 tarde que o Cesare Battisti, de 64 anos, seguir\u00e1 direto da Bol\u00edvia para Roma. O Minist\u00e9rio do Interior da It\u00e1lia aguarda a chegada dele para amanh\u00e3 (14) \u00e0 tarde em territ\u00f3rio italiano. O governo da Bol\u00edvia informou que agentes de seguran\u00e7a do pa\u00eds entregaram Battisti para os policiais italianos no Aeroporto Internacional de Viru Viru, em Santa Cruz de La Sierra.<\/p>\n<p>Em entrevista coletiva \u00e0 imprensa, o ministro do interior da Bol\u00edvia, Carlos Romero, afirmou que Battisti ser\u00e1 expulso por ingresso ilegal no pa\u00eds. Segundo ele, agentes bolivianos da Interpol o entregar\u00e3o para os agentes da It\u00e1lia no aeroporto. O voo sair\u00e1 de Santa Cruz de La Sierra (Bol\u00edvia) direto para Roma, na It\u00e1lia.<\/p>\n<p>O plano de resgate e transporte de Battisti \u00e9 coordenado pelo servi\u00e7o secreto da It\u00e1lia, Aise. A partida da Bol\u00edvia est\u00e1 programada para hoje. A previs\u00e3o \u00e9 que ele chegue a Roma por volta das 13h30, no hor\u00e1rio italiano.<\/p>\n<p>Romero disse que a entrega de Battisti foi coordenada entre o Minist\u00e9rio das Rela\u00e7\u00f5es Exteriores da Bol\u00edvia e as autoridades italianas, por meio da embaixada em La Paz. Segundo o ministro boliviano, Battisti foi preso em p\u00fablico ap\u00f3s os agentes verificarem que ele n\u00e3o tinha documentos legais para entrada na Bol\u00edvia.<\/p>\n<p>Como Battisti chegou \u00e0 Bol\u00edvia ilegalmente, n\u00e3o h\u00e1 registros sobre a data ou o local exato pelo qual ingressou no pa\u00eds.<\/p>\n<h2>Hist\u00f3rico<\/h2>\n<p>Battisti estava em Santa de La Sierra, uma das principais cidades da Bol\u00edvia, e foi capturado por volta das 17h de ontem (12). Segundo relatos, ele n\u00e3o tentou escapar. Questionado pelos policiais, respondeu em portugu\u00eas. O italiano usava cal\u00e7a azul e camiseta, \u00f3culos escuros e barba falsa.<\/p>\n<p>Condenado \u00e0 pris\u00e3o perp\u00e9tua na It\u00e1lia, Battisti foi sentenciado pelo assassinato de quatro pessoas, na d\u00e9cada de 1970, quando integrava o grupo Prolet\u00e1rios Armados pelo Comunismo, um bra\u00e7o das Brigadas Vermelhas. Ele se diz inocente. Para as autoridades brasileiras, ele \u00e9 considerado terrorista.<\/p>\n<p>No Brasil desde 2004, o italiano foi preso tr\u00eas anos depois. O governo da It\u00e1lia pediu sua extradi\u00e7\u00e3o, aceita pelo Supremo Tribunal Federal (STF). Contudo, no \u00faltimo dia de seu mandato, em dezembro de 2010, o ent\u00e3o presidente Luiz In\u00e1cio Lula da Silva decidiu que Battisti deveria ficar no Brasil, e o ato foi confirmado pela Suprema Corte.<\/p>\n<p>O presidente Jair Bolsonaro, mesmo antes de empossado, defendia a extradi\u00e7\u00e3o de Battisti. Nos \u00faltimos dias do governo Michel Temer, o\u00a0<a href=\"http:\/\/agenciabrasil.ebc.com.br\/politica\/noticia\/2018-12\/presidente-italiano-agradece-temer-por-assinar-extradicao-de-battist\" target=\"_blank\" rel=\"noopener\">STF ratificou a transfer\u00eancia para a It\u00e1lia<\/a>, mas Battisti n\u00e3o foi encontrado ap\u00f3s a decis\u00e3o. Ap\u00f3s dias de buscas, a Pol\u00edcia Federal divulgou 20 simula\u00e7\u00f5es sobre a poss\u00edvel apar\u00eancia do italiano.<\/p>\n","protected":false},"excerpt":{"rendered":"<p>Autoridades italianas e bolivianas confirmaram hoje (13) \u00e0 tarde que o Cesare Battisti, de 64&#8230;<\/p>\n","protected":false},"author":1,"featured_media":0,"comment_status":"closed","ping_status":"closed","sticky":false,"template":"","format":"standard","meta":{"footnotes":""},"categories":[15],"tags":[],"class_list":["post-26851","post","type-post","status-publish","format-standard","hentry","category-internacional"],"_links":{"self":[{"href":"https:\/\/www.corumbaonline.com.br\/news\/wp-json\/wp\/v2\/posts\/26851","targetHints":{"allow":["GET"]}}],"collection":[{"href":"https:\/\/www.corumbaonline.com.br\/news\/wp-json\/wp\/v2\/posts"}],"about":[{"href":"https:\/\/www.corumbaonline.com.br\/news\/wp-json\/wp\/v2\/types\/post"}],"author":[{"embeddable":true,"href":"https:\/\/www.corumbaonline.com.br\/news\/wp-json\/wp\/v2\/users\/1"}],"replies":[{"embeddable":true,"href":"https:\/\/www.corumbaonline.com.br\/news\/wp-json\/wp\/v2\/comments?post=26851"}],"version-history":[{"count":1,"href":"https:\/\/www.corumbaonline.com.br\/news\/wp-json\/wp\/v2\/posts\/26851\/revisions"}],"predecessor-version":[{"id":26852,"href":"https:\/\/www.corumbaonline.com.br\/news\/wp-json\/wp\/v2\/posts\/26851\/revisions\/26852"}],"wp:attachment":[{"href":"https:\/\/www.corumbaonline.com.br\/news\/wp-json\/wp\/v2\/media?parent=26851"}],"wp:term":[{"taxonomy":"category","embeddable":true,"href":"https:\/\/www.corumbaonline.com.br\/news\/wp-json\/wp\/v2\/categories?post=26851"},{"taxonomy":"post_tag","embeddable":true,"href":"https:\/\/www.corumbaonline.com.br\/news\/wp-json\/wp\/v2\/tags?post=26851"}],"curies":[{"name":"wp","href":"https:\/\/api.w.org\/{rel}","templated":true}]}}