{"id":26853,"date":"2019-01-13T15:15:11","date_gmt":"2019-01-13T18:15:11","guid":{"rendered":"http:\/\/www.corumbaonline.com.br\/news\/?p=26853"},"modified":"2019-01-13T18:07:23","modified_gmt":"2019-01-13T21:07:23","slug":"presidente-da-assembleia-nacional-da-venezuela-e-detido-e-liberado","status":"publish","type":"post","link":"https:\/\/www.corumbaonline.com.br\/news\/presidente-da-assembleia-nacional-da-venezuela-e-detido-e-liberado\/","title":{"rendered":"Presidente da Assembleia Nacional da Venezuela \u00e9 detido e liberado"},"content":{"rendered":"<p>O presidente da Assembleia Nacional da Venezuela, Juan Guaid\u00f3, do partido de oposi\u00e7\u00e3o ao presidente Nicol\u00e1s Maduro, foi detido hoje (13) supostamente por agentes do servi\u00e7o de intelig\u00eancia venezuelana. A informa\u00e7\u00e3o foi divulgada por sua esposa, Fabiana Rosales, e por parlamentares da oposi\u00e7\u00e3o, por meio da rede social Twitter.<\/p>\n<p>Ele foi liberado logo em seguida e seguiu para um evento na cidade de Vargas, onde era esperado. \u201cAgrade\u00e7o a todos pela rea\u00e7\u00e3o imediata de apoio contra os abusos da ditadura contra meu marido @JGuaido. Eu j\u00e1 estou com ele. A ditadura n\u00e3o pode quebrar seu esp\u00edrito de luta\u201d, escreveu Fabiana.<\/p>\n<p>O carro onde estava foi interceptado em uma rodovia. Na conta oficial da\u00a0<a href=\"https:\/\/twitter.com\/asambleave\" target=\"_blank\" rel=\"noopener\">Assembleia Nacional no Twitter<\/a>, h\u00e1 um v\u00eddeo que corresponderia ao momento da deten\u00e7\u00e3o.<\/p>\n<p>Maduro tomou posse na quinta-feira (10) para mais um mandato que ir\u00e1 at\u00e9 2025. Ele conta com o respaldo das For\u00e7as Armadas e da Suprema Corte. Por\u00e9m, sofre resist\u00eancia interna da Assembleia Nacional que \u00e9 comandada pela oposi\u00e7\u00e3o. Na sexta-feira (11), em evento p\u00fablico em Caracas e em postagens nas redes sociais, Guaid\u00f3 defendeu o estabelecimento de um governo de transi\u00e7\u00e3o e novas elei\u00e7\u00f5es no pa\u00eds.<\/p>\n","protected":false},"excerpt":{"rendered":"<p>O presidente da Assembleia Nacional da Venezuela, Juan Guaid\u00f3, do partido de oposi\u00e7\u00e3o ao presidente&#8230;<\/p>\n","protected":false},"author":1,"featured_media":0,"comment_status":"closed","ping_status":"closed","sticky":false,"template":"","format":"standard","meta":{"footnotes":""},"categories":[15],"tags":[],"class_list":["post-26853","post","type-post","status-publish","format-standard","hentry","category-internacional"],"_links":{"self":[{"href":"https:\/\/www.corumbaonline.com.br\/news\/wp-json\/wp\/v2\/posts\/26853","targetHints":{"allow":["GET"]}}],"collection":[{"href":"https:\/\/www.corumbaonline.com.br\/news\/wp-json\/wp\/v2\/posts"}],"about":[{"href":"https:\/\/www.corumbaonline.com.br\/news\/wp-json\/wp\/v2\/types\/post"}],"author":[{"embeddable":true,"href":"https:\/\/www.corumbaonline.com.br\/news\/wp-json\/wp\/v2\/users\/1"}],"replies":[{"embeddable":true,"href":"https:\/\/www.corumbaonline.com.br\/news\/wp-json\/wp\/v2\/comments?post=26853"}],"version-history":[{"count":1,"href":"https:\/\/www.corumbaonline.com.br\/news\/wp-json\/wp\/v2\/posts\/26853\/revisions"}],"predecessor-version":[{"id":26854,"href":"https:\/\/www.corumbaonline.com.br\/news\/wp-json\/wp\/v2\/posts\/26853\/revisions\/26854"}],"wp:attachment":[{"href":"https:\/\/www.corumbaonline.com.br\/news\/wp-json\/wp\/v2\/media?parent=26853"}],"wp:term":[{"taxonomy":"category","embeddable":true,"href":"https:\/\/www.corumbaonline.com.br\/news\/wp-json\/wp\/v2\/categories?post=26853"},{"taxonomy":"post_tag","embeddable":true,"href":"https:\/\/www.corumbaonline.com.br\/news\/wp-json\/wp\/v2\/tags?post=26853"}],"curies":[{"name":"wp","href":"https:\/\/api.w.org\/{rel}","templated":true}]}}