{"id":26875,"date":"2019-01-14T08:47:40","date_gmt":"2019-01-14T11:47:40","guid":{"rendered":"http:\/\/www.corumbaonline.com.br\/news\/?p=26875"},"modified":"2019-01-14T11:17:24","modified_gmt":"2019-01-14T14:17:24","slug":"battisti-chega-a-roma-apos-quase-40-anos-foragido-da-justica","status":"publish","type":"post","link":"https:\/\/www.corumbaonline.com.br\/news\/battisti-chega-a-roma-apos-quase-40-anos-foragido-da-justica\/","title":{"rendered":"Battisti chega a Roma ap\u00f3s quase 40 anos foragido da Justi\u00e7a"},"content":{"rendered":"<p>Cesare Battisti, 64 anos, chegou hoje (14) ao aeroporto de Ciampino, em Roma. Vestindo cal\u00e7a jeans e uma jaqueta marrom, ele desceu do avi\u00e3o sem algemas e foi recebido por agentes do grupo operacional m\u00f3vel da pol\u00edcia penitenci\u00e1ria.<\/p>\n<p>Logo depois, Battisti foi levado para a pris\u00e3o de Rebibbia, na capital italiana, onde ser\u00e1 colocado na ala de seguran\u00e7a m\u00e1xima para cumprir pena de pris\u00e3o perp\u00e9tua.<\/p>\n<div class=\"dnd-widget-wrapper context-cheio_8colunas type-image\">\n<div class=\"dnd-atom-rendered\">\n<figure class=\"mejs-fotoh-wrapper\"><img decoding=\"async\" class=\"img-responsive full full\" title=\"Max Rossi\/Reuters\/Direitos reservados\" src=\"http:\/\/imagens.ebc.com.br\/PvZaRdmllc5QhW32k2XAjrRA95E=\/754x0\/smart\/http:\/\/agenciabrasil.ebc.com.br\/sites\/default\/files\/thumbnails\/image\/reuters-max_rossi2.jpg?itok=35Rchh8t\" alt=\"Battisti, pris\u00e3o, It\u00e1lia, Chegada, aeroporto\" \/><\/figure>\n<\/div>\n<div class=\"dnd-caption-wrapper\">\n<div class=\"meta\">Battisti chegou a Roma e foi levado para um pres\u00eddio onde cumprir\u00e1 pena de pris\u00e3o perp\u00e9tua\u00a0\u00a0\u00a0<strong>(Max Rossi\/Reuters\/Direitos reservados)<\/strong><\/div>\n<\/div>\n<\/div>\n<p>Battisti foi capturado no \u00faltimo s\u00e1bado (12) nas ruas de Santa Cruz de La Sierra, na Bol\u00edvia, por agentes bolivianos em parceria com italianos. Segundo um v\u00eddeo feito no momento da pris\u00e3o, ele usava barba, \u00f3culos de sol, jeans e camiseta azul. N\u00e3o mostrou resist\u00eancia, n\u00e3o apresentou documentos e respondeu a algumas perguntas em portugu\u00eas.<\/p>\n<p>Condenado \u00e0 pris\u00e3o perp\u00e9tua na It\u00e1lia, Battisti foi sentenciado pelo assassinato de quatro pessoas na d\u00e9cada de 1970, quando integrava o grupo Prolet\u00e1rios Armados pelo Comunismo, um bra\u00e7o das Brigadas Vermelhas. Ele se diz inocente. Para as autoridades brasileiras, \u00e9 considerado terrorista.<\/p>\n<p>No Brasil desde 2004, o italiano foi preso tr\u00eas anos depois. O governo da It\u00e1lia pediu sua extradi\u00e7\u00e3o, aceita pelo Supremo Tribunal Federal. Contudo, no \u00faltimo dia de seu mandato, em dezembro de 2010, o ent\u00e3o presidente Luiz In\u00e1cio Lula da Silva decidiu que Battisti deveria ficar no Brasil.<\/p>\n\n\n<p><\/p>\n","protected":false},"excerpt":{"rendered":"<p>Cesare Battisti, 64 anos, chegou hoje (14) ao aeroporto de Ciampino, em Roma. Vestindo cal\u00e7a&#8230;<\/p>\n","protected":false},"author":1,"featured_media":0,"comment_status":"closed","ping_status":"closed","sticky":false,"template":"","format":"standard","meta":{"footnotes":""},"categories":[15],"tags":[],"class_list":["post-26875","post","type-post","status-publish","format-standard","hentry","category-internacional"],"_links":{"self":[{"href":"https:\/\/www.corumbaonline.com.br\/news\/wp-json\/wp\/v2\/posts\/26875","targetHints":{"allow":["GET"]}}],"collection":[{"href":"https:\/\/www.corumbaonline.com.br\/news\/wp-json\/wp\/v2\/posts"}],"about":[{"href":"https:\/\/www.corumbaonline.com.br\/news\/wp-json\/wp\/v2\/types\/post"}],"author":[{"embeddable":true,"href":"https:\/\/www.corumbaonline.com.br\/news\/wp-json\/wp\/v2\/users\/1"}],"replies":[{"embeddable":true,"href":"https:\/\/www.corumbaonline.com.br\/news\/wp-json\/wp\/v2\/comments?post=26875"}],"version-history":[{"count":1,"href":"https:\/\/www.corumbaonline.com.br\/news\/wp-json\/wp\/v2\/posts\/26875\/revisions"}],"predecessor-version":[{"id":26892,"href":"https:\/\/www.corumbaonline.com.br\/news\/wp-json\/wp\/v2\/posts\/26875\/revisions\/26892"}],"wp:attachment":[{"href":"https:\/\/www.corumbaonline.com.br\/news\/wp-json\/wp\/v2\/media?parent=26875"}],"wp:term":[{"taxonomy":"category","embeddable":true,"href":"https:\/\/www.corumbaonline.com.br\/news\/wp-json\/wp\/v2\/categories?post=26875"},{"taxonomy":"post_tag","embeddable":true,"href":"https:\/\/www.corumbaonline.com.br\/news\/wp-json\/wp\/v2\/tags?post=26875"}],"curies":[{"name":"wp","href":"https:\/\/api.w.org\/{rel}","templated":true}]}}