{"id":26938,"date":"2019-01-14T18:00:00","date_gmt":"2019-01-14T21:00:00","guid":{"rendered":"http:\/\/www.corumbaonline.com.br\/news\/?p=26938"},"modified":"2019-01-14T17:24:32","modified_gmt":"2019-01-14T20:24:32","slug":"procon-corumba-articula-convenio-com-nucleo-de-solucao-de-conflitos-do-tjms","status":"publish","type":"post","link":"https:\/\/www.corumbaonline.com.br\/news\/procon-corumba-articula-convenio-com-nucleo-de-solucao-de-conflitos-do-tjms\/","title":{"rendered":"Procon Corumb\u00e1 articula conv\u00eanio com N\u00facleo de Solu\u00e7\u00e3o de Conflitos do TJMS"},"content":{"rendered":"<p>A Ag\u00eancia Municipal de Prote\u00e7\u00e3o e Defesa do Consumidor (Procon Corumb\u00e1) articula a formaliza\u00e7\u00e3o de um conv\u00eanio com o N\u00facleo Permanente de M\u00e9todos Consensuais de Solu\u00e7\u00e3o de Conflitos (Nupemec), do Tribunal de Justi\u00e7a de Mato Grosso do Sul (TJMS). O assunto foi discutido pelo diretor-executivo do Procon Corumb\u00e1, Vital Gon\u00e7alves Migu\u00e9is, e o desembargador Ruy Celso Barbosa Florence, coordenador da Media\u00e7\u00e3o do Nupemec, durante reuni\u00e3o na quinta-feira, 10 de janeiro.<\/p>\n<p>O diretor-executivo do Procon Corumb\u00e1 explicou que a iniciativa tem como objetivo preparar os conciliadores e mediadores para atuarem junto ao Procon e ainda disponibilizar o acesso ao sistema eletr\u00f4nico do Judici\u00e1rio para a confec\u00e7\u00e3o dos termos de acordo e homologa\u00e7\u00e3o pelo juiz indicado. O acordo a ser assinado, explicou Vital Migu\u00e9is, ser\u00e1 nos moldes do conv\u00eanio firmado pelo TJMS com o Governo do Estado em 2018, para atender ao Procon estadual em Campo Grande.<\/p>\n<p>\u201cVai funcionar assim: o consumidor vir\u00e1 a Ag\u00eancia (Procon), far\u00e1 sua reclama\u00e7\u00e3o, a empresa ser\u00e1 notificada para se manifestar em 15 dias. Ela se manifestando haver\u00e1 uma audi\u00eancia de tentativa de concilia\u00e7\u00e3o, prevista no C\u00f3digo de Defesa do Consumidor e no C\u00f3digo Civil. Havendo acordo, este ser\u00e1 remetido diretamente para o Tribunal de Justi\u00e7a, onde o juiz homologar\u00e1 e formar\u00e1 titulo executivo judicial\u201d, explicou o titular da Ag\u00eancia de Defesa do Consumidor. \u201cA popula\u00e7\u00e3o corumbaense ser\u00e1 diretamente beneficiada\u201d, explicou Vital Migu\u00e9is.<\/p>\n<p>O desembargador coordenador da Media\u00e7\u00e3o do Nupemec, Ruy Celso Barbosa Florence, elogiou a iniciativa do diretor do Procon de Corumb\u00e1 em procurar o N\u00facleo, uma vez que a media\u00e7\u00e3o e a concilia\u00e7\u00e3o s\u00e3o os m\u00e9todos mais eficazes para a solu\u00e7\u00e3o de conflitos, e tanto podem ajudar sobremaneira na resolu\u00e7\u00e3o de lit\u00edgios entre fornecedores e consumidores locais, como contribuir para a diminui\u00e7\u00e3o de demandas consumeristas junto ao Judici\u00e1rio da Comarca.<\/p>\n<p>A formaliza\u00e7\u00e3o do conv\u00eanio est\u00e1 em fase de tramita\u00e7\u00e3o. \u201cVamos entrar em contato com o juiz coordenador do Centro Judici\u00e1rio de Solu\u00e7\u00e3o de Conflitos e Cidadania (Cejusc) de Corumb\u00e1, Maur\u00edcio Cleber Miglioranzi Santos. Vou me reunir com a OAB para dar ci\u00eancia da a\u00e7\u00e3o. Trabalhamos para implanta\u00e7\u00e3o ainda neste primeiro semestre do ano. Estamos providenciando a documenta\u00e7\u00e3o necess\u00e1ria para o conv\u00eanio\u201d, complementou o diretor-executivo do Procon Corumb\u00e1.<\/p>\n<p>\u201cA administra\u00e7\u00e3o do Marcelo Iunes tem como determina\u00e7\u00e3o o trabalho da concilia\u00e7\u00e3o. A pol\u00edtica do Procon Corumb\u00e1 n\u00e3o \u00e9 multar, \u00e9 orientar. Buscamos regular a rela\u00e7\u00e3o de consumo entre consumidor e fornecedor. O Procon vai fazer campanhas em busca dessa harmonia, temos de orientar e educar. O papel do Procon n\u00e3o \u00e9 apenas fiscalizar ou multar. A politica da administra\u00e7\u00e3o do prefeito Marcelo Iunes \u00e9 para orientar, conciliar. Mas, orientou n\u00e3o cumpriu temos de seguir os tr\u00e2mites legais\u201d, finalizou o diretor-executivo da Ag\u00eancia Municipal de Prote\u00e7\u00e3o e Defesa do Consumidor.<\/p>\n","protected":false},"excerpt":{"rendered":"<p>A Ag\u00eancia Municipal de Prote\u00e7\u00e3o e Defesa do Consumidor (Procon Corumb\u00e1) articula a formaliza\u00e7\u00e3o de&#8230;<\/p>\n","protected":false},"author":1,"featured_media":26940,"comment_status":"closed","ping_status":"closed","sticky":false,"template":"","format":"standard","meta":{"footnotes":""},"categories":[8,14],"tags":[],"class_list":["post-26938","post","type-post","status-publish","format-standard","has-post-thumbnail","hentry","category-destaque","category-geral"],"_links":{"self":[{"href":"https:\/\/www.corumbaonline.com.br\/news\/wp-json\/wp\/v2\/posts\/26938","targetHints":{"allow":["GET"]}}],"collection":[{"href":"https:\/\/www.corumbaonline.com.br\/news\/wp-json\/wp\/v2\/posts"}],"about":[{"href":"https:\/\/www.corumbaonline.com.br\/news\/wp-json\/wp\/v2\/types\/post"}],"author":[{"embeddable":true,"href":"https:\/\/www.corumbaonline.com.br\/news\/wp-json\/wp\/v2\/users\/1"}],"replies":[{"embeddable":true,"href":"https:\/\/www.corumbaonline.com.br\/news\/wp-json\/wp\/v2\/comments?post=26938"}],"version-history":[{"count":1,"href":"https:\/\/www.corumbaonline.com.br\/news\/wp-json\/wp\/v2\/posts\/26938\/revisions"}],"predecessor-version":[{"id":26941,"href":"https:\/\/www.corumbaonline.com.br\/news\/wp-json\/wp\/v2\/posts\/26938\/revisions\/26941"}],"wp:featuredmedia":[{"embeddable":true,"href":"https:\/\/www.corumbaonline.com.br\/news\/wp-json\/wp\/v2\/media\/26940"}],"wp:attachment":[{"href":"https:\/\/www.corumbaonline.com.br\/news\/wp-json\/wp\/v2\/media?parent=26938"}],"wp:term":[{"taxonomy":"category","embeddable":true,"href":"https:\/\/www.corumbaonline.com.br\/news\/wp-json\/wp\/v2\/categories?post=26938"},{"taxonomy":"post_tag","embeddable":true,"href":"https:\/\/www.corumbaonline.com.br\/news\/wp-json\/wp\/v2\/tags?post=26938"}],"curies":[{"name":"wp","href":"https:\/\/api.w.org\/{rel}","templated":true}]}}