{"id":27035,"date":"2019-01-16T14:00:08","date_gmt":"2019-01-16T17:00:08","guid":{"rendered":"http:\/\/www.corumbaonline.com.br\/news\/?p=27035"},"modified":"2019-01-16T13:17:01","modified_gmt":"2019-01-16T16:17:01","slug":"roda-de-samba-acontece-no-domingo-dia-20-no-porto-geral","status":"publish","type":"post","link":"https:\/\/www.corumbaonline.com.br\/news\/roda-de-samba-acontece-no-domingo-dia-20-no-porto-geral\/","title":{"rendered":"Roda de Samba acontece no domingo, dia 20, no Porto Geral"},"content":{"rendered":"<p>A primeira edi\u00e7\u00e3o da Roda de Samba, no Porto Geral de Corumb\u00e1, vai ser realizada no pr\u00f3ximo domingo, 20 de janeiro, das 12h \u00e0s 18 horas. A informa\u00e7\u00e3o \u00e9 do diretor-presidente Funda\u00e7\u00e3o da Cultura e do Patrim\u00f4nio Hist\u00f3rico de Corumb\u00e1, Joilson Cruz.<\/p>\n<p>A decis\u00e3o de antecipar o evento, inicialmente programado para o dia 27 deste m\u00eas, atende pedidos feitos, por populares, diretamente ao prefeito Marcelo Iunes, que determinou \u00e0 Funda\u00e7\u00e3o da Cultura a organiza\u00e7\u00e3o do evento reunindo m\u00fasicos da cidade e estrutura de pra\u00e7a de alimenta\u00e7\u00e3o no local para atender a popula\u00e7\u00e3o.<\/p>\n<p>Em 2018, a Roda de Samba movimentou o Porto Geral e reuniu milhares de pessoas. O evento tamb\u00e9m foi importante para os comerciantes locais, que aproveitaram a oportunidade para gerar renda extra.<\/p>\n","protected":false},"excerpt":{"rendered":"<p>A primeira edi\u00e7\u00e3o da Roda de Samba, no Porto Geral de Corumb\u00e1, vai ser realizada&#8230;<\/p>\n","protected":false},"author":1,"featured_media":0,"comment_status":"closed","ping_status":"closed","sticky":false,"template":"","format":"standard","meta":{"footnotes":""},"categories":[112],"tags":[],"class_list":["post-27035","post","type-post","status-publish","format-standard","hentry","category-carnaval-2019"],"_links":{"self":[{"href":"https:\/\/www.corumbaonline.com.br\/news\/wp-json\/wp\/v2\/posts\/27035","targetHints":{"allow":["GET"]}}],"collection":[{"href":"https:\/\/www.corumbaonline.com.br\/news\/wp-json\/wp\/v2\/posts"}],"about":[{"href":"https:\/\/www.corumbaonline.com.br\/news\/wp-json\/wp\/v2\/types\/post"}],"author":[{"embeddable":true,"href":"https:\/\/www.corumbaonline.com.br\/news\/wp-json\/wp\/v2\/users\/1"}],"replies":[{"embeddable":true,"href":"https:\/\/www.corumbaonline.com.br\/news\/wp-json\/wp\/v2\/comments?post=27035"}],"version-history":[{"count":1,"href":"https:\/\/www.corumbaonline.com.br\/news\/wp-json\/wp\/v2\/posts\/27035\/revisions"}],"predecessor-version":[{"id":27036,"href":"https:\/\/www.corumbaonline.com.br\/news\/wp-json\/wp\/v2\/posts\/27035\/revisions\/27036"}],"wp:attachment":[{"href":"https:\/\/www.corumbaonline.com.br\/news\/wp-json\/wp\/v2\/media?parent=27035"}],"wp:term":[{"taxonomy":"category","embeddable":true,"href":"https:\/\/www.corumbaonline.com.br\/news\/wp-json\/wp\/v2\/categories?post=27035"},{"taxonomy":"post_tag","embeddable":true,"href":"https:\/\/www.corumbaonline.com.br\/news\/wp-json\/wp\/v2\/tags?post=27035"}],"curies":[{"name":"wp","href":"https:\/\/api.w.org\/{rel}","templated":true}]}}