{"id":27157,"date":"2019-01-18T12:46:49","date_gmt":"2019-01-18T15:46:49","guid":{"rendered":"http:\/\/www.corumbaonline.com.br\/news\/?p=27157"},"modified":"2019-01-18T11:48:24","modified_gmt":"2019-01-18T14:48:24","slug":"trump-cancela-viagem-de-delegacao-americana-a-davos","status":"publish","type":"post","link":"https:\/\/www.corumbaonline.com.br\/news\/trump-cancela-viagem-de-delegacao-americana-a-davos\/","title":{"rendered":"Trump cancela viagem de delega\u00e7\u00e3o americana a Davos"},"content":{"rendered":"<p>O governo dos Estados Unidos (EUA) anunciou nessa quinta-feira (17) que o presidente Donald Trump decidiu cancelar a viagem da delega\u00e7\u00e3o americana \u00e0 cidade de Davos, na Su\u00ed\u00e7a, onde representantes de v\u00e1rios pa\u00edses se re\u00fanem na pr\u00f3xima semana para o F\u00f3rum Econ\u00f4mico Mundial.<\/p>\n<p>A Casa Branca justificou que as autoridades s\u00e3o necess\u00e1rias em Washington para lidar com a paralisa\u00e7\u00e3o que atinge v\u00e1rios setores do governo. Em seu 27\u00ba dia, o chamado shutdown j\u00e1 \u00e9 o mais longo da hist\u00f3ria do pa\u00eds.<\/p>\n<p>&#8220;Em considera\u00e7\u00e3o aos 800 mil trabalhadores americanos que n\u00e3o est\u00e3o recebendo pagamento e para garantir que sua equipe possa ajudar como necess\u00e1rio, o presidente Trump cancelou a viagem ao F\u00f3rum Econ\u00f4mico Mundial em Davos, na Su\u00ed\u00e7a&#8221;, afirmou a porta-voz da Casa Branca, Sarah Sanders, em comunicado.<\/p>\n<p>O secret\u00e1rio do Tesouro, Steve Mnuchin, deveria chefiar a delega\u00e7\u00e3o de cinco pessoas, que inclu\u00eda o secret\u00e1rio de Estado, Mike Pompeo, o secret\u00e1rio de Com\u00e9rcio, Wilbur Ross, o representante comercial dos Estados Unidos Robert Lighthizer e o assessor de Trump Chris Liddell.<\/p>\n<p>Na semana passada, o pr\u00f3prio presidente j\u00e1 havia anunciado que n\u00e3o participaria do evento em Davos, tamb\u00e9m usando como justificativa a paralisa\u00e7\u00e3o parcial que atinge o governo.<\/p>\n<p>O F\u00f3rum Econ\u00f4mico Mundial ocorre entre 22 e 26 de janeiro e, neste ano, ter\u00e1 como tema\u00a0principal a globaliza\u00e7\u00e3o na era da quarta revolu\u00e7\u00e3o industrial, caracterizada por fen\u00f4menos como a intelig\u00eancia artificial, a nanotecnologia e a acelera\u00e7\u00e3o da ind\u00fastria rob\u00f3tica.<\/p>\n<p>O presidente brasileiro, Jair Bolsonaro, comparecer\u00e1 ao evento, em sua\u00a0primeira viagem internacional desde que tomou posse.\u00a0A chanceler federal alem\u00e3, Angela Merkel, e os primeiros-ministros da It\u00e1lia, Giuseppe Conte, e da Espanha, Pedro S\u00e1nchez, tamb\u00e9m t\u00eam presen\u00e7a confirmada.<\/p>\n<p><strong>Tens\u00e3o <\/strong><\/p>\n<p>Nessa quinta-feira, Trump negou \u00e0 presidente da C\u00e2mara dos Representantes, a democrata Nancy Pelosi, o uso de aeronave oficial para uma viagem ao exterior.<\/p>\n<p>&#8220;\u00c0 luz dos 800 mil trabalhadores americanos que n\u00e3o recebem pagamento, tenho certeza que voc\u00ea concordaria que adiar esse evento de rela\u00e7\u00f5es p\u00fablicas \u00e9 totalmente apropriado&#8221;, escreveu o presidente em carta \u00e0 deputada democrata.<\/p>\n<p>Pelosi e outros congressistas fariam uma viagem oficial, em um avi\u00e3o militar, para a B\u00e9lgica, onde se reuniriam com l\u00edderes da Organiza\u00e7\u00e3o do Tratado do Atl\u00e2ntico Norte (Otan), e para o Afeganist\u00e3o, onde visitariam tropas americanas. A decis\u00e3o de Trump foi tomada momentos antes de os parlamentares embarcarem.<\/p>\n<p>Um porta-voz de Pelosi informou que a viagem \u00e0 B\u00e9lgica pretendia &#8220;afirmar o compromisso dos Estados Unidos com a Otan&#8221;, alian\u00e7a militar que \u00e9 alvo frequente das cr\u00edticas do presidente.<\/p>\n<p>J\u00e1 a visita ao Afeganist\u00e3o visava a obter &#8220;informa\u00e7\u00f5es cr\u00edticas de intelig\u00eancia e seguran\u00e7a nacional dos que est\u00e3o na linha de frente&#8221;. O porta-voz, inclusive, lembrou uma viagem que Trump fez ao Iraque em 26 de dezembro, pouco depois do in\u00edcio da paralisa\u00e7\u00e3o do governo.<\/p>\n<p>Alguns viram a decis\u00e3o do l\u00edder republicano como uma retalia\u00e7\u00e3o a Pelosi, que na v\u00e9spera pedira ao presidente que adiasse seu tradicional discurso sobre o Estado da Uni\u00e3o, previsto para 29 de janeiro, at\u00e9 que a paralisa\u00e7\u00e3o do governo seja resolvida.<\/p>\n<p><strong>Governo paralisado<\/strong><\/p>\n<p>Em 22 de dezembro, o governo americano deu in\u00edcio ao fechamento de cerca de um quarto de seus servi\u00e7os, depois de republicanos e democratas n\u00e3o terem chegado a um acordo or\u00e7ament\u00e1rio no Congresso sobre as exig\u00eancias de Trump para o financiamento de um controverso muro na fronteira com o M\u00e9xico.<\/p>\n<p>Embora dias antes os parlamentares tivessem concordado com um or\u00e7amento, o presidente se negou a assin\u00e1-lo, uma vez que o documento n\u00e3o inclu\u00eda os mais de US$ 5 bilh\u00f5es que ele havia exigido para a constru\u00e7\u00e3o do muro, levando assim \u00e0 atual paralisa\u00e7\u00e3o.<\/p>\n<p>O shutdown atinge ag\u00eancias de dez departamentos do governo federal, incluindo Transporte e Justi\u00e7a, assim como dezenas de parques nacionais.<\/p>\n<p>Al\u00e9m disso, afeta cerca de 800 mil dos 2,1 milh\u00f5es de funcion\u00e1rios do governo, que pararam de receber seus sal\u00e1rios. Deles, 420 mil t\u00eam que comparecer ao trabalho, em servi\u00e7os considerados &#8220;essenciais&#8221;, enquanto o restante permanece em casa.<\/p>\n","protected":false},"excerpt":{"rendered":"<p>O governo dos Estados Unidos (EUA) anunciou nessa quinta-feira (17) que o presidente Donald Trump&#8230;<\/p>\n","protected":false},"author":1,"featured_media":0,"comment_status":"closed","ping_status":"closed","sticky":false,"template":"","format":"standard","meta":{"footnotes":""},"categories":[15],"tags":[],"class_list":["post-27157","post","type-post","status-publish","format-standard","hentry","category-internacional"],"_links":{"self":[{"href":"https:\/\/www.corumbaonline.com.br\/news\/wp-json\/wp\/v2\/posts\/27157","targetHints":{"allow":["GET"]}}],"collection":[{"href":"https:\/\/www.corumbaonline.com.br\/news\/wp-json\/wp\/v2\/posts"}],"about":[{"href":"https:\/\/www.corumbaonline.com.br\/news\/wp-json\/wp\/v2\/types\/post"}],"author":[{"embeddable":true,"href":"https:\/\/www.corumbaonline.com.br\/news\/wp-json\/wp\/v2\/users\/1"}],"replies":[{"embeddable":true,"href":"https:\/\/www.corumbaonline.com.br\/news\/wp-json\/wp\/v2\/comments?post=27157"}],"version-history":[{"count":1,"href":"https:\/\/www.corumbaonline.com.br\/news\/wp-json\/wp\/v2\/posts\/27157\/revisions"}],"predecessor-version":[{"id":27158,"href":"https:\/\/www.corumbaonline.com.br\/news\/wp-json\/wp\/v2\/posts\/27157\/revisions\/27158"}],"wp:attachment":[{"href":"https:\/\/www.corumbaonline.com.br\/news\/wp-json\/wp\/v2\/media?parent=27157"}],"wp:term":[{"taxonomy":"category","embeddable":true,"href":"https:\/\/www.corumbaonline.com.br\/news\/wp-json\/wp\/v2\/categories?post=27157"},{"taxonomy":"post_tag","embeddable":true,"href":"https:\/\/www.corumbaonline.com.br\/news\/wp-json\/wp\/v2\/tags?post=27157"}],"curies":[{"name":"wp","href":"https:\/\/api.w.org\/{rel}","templated":true}]}}