{"id":27225,"date":"2019-01-21T10:17:53","date_gmt":"2019-01-21T13:17:53","guid":{"rendered":"http:\/\/www.corumbaonline.com.br\/news\/?p=27225"},"modified":"2019-01-21T12:05:21","modified_gmt":"2019-01-21T15:05:21","slug":"reme-define-calendario-escolar-para-2019-ano-letivo-comeca-em-fevereiro","status":"publish","type":"post","link":"https:\/\/www.corumbaonline.com.br\/news\/reme-define-calendario-escolar-para-2019-ano-letivo-comeca-em-fevereiro\/","title":{"rendered":"REME define calend\u00e1rio escolar para 2019; ano letivo come\u00e7a em fevereiro"},"content":{"rendered":"<p>A Secretaria Municipal de Educa\u00e7\u00e3o (SEMED) definiu a organiza\u00e7\u00e3o do ano escolar e do ano letivo das Institui\u00e7\u00f5es de Ensino da Rede Municipal de Educa\u00e7\u00e3o de Corumb\u00e1 (REME) para 2019. Publicada na edi\u00e7\u00e3o de sexta-feira, 18 de janeiro, do Di\u00e1rio Oficial do Munic\u00edpio de Corumb\u00e1 (DIOCORUMB\u00c1), a Instru\u00e7\u00e3o n\u00b0 001\/2019, estabelece que o ano escolar nas institui\u00e7\u00f5es da Rede Municipal come\u00e7ar\u00e1 em 06 de fevereiro de 2019 e terminar\u00e1 no dia 13 de dezembro de 2018.<\/p>\n<p>Por sua vez, o ano letivo nas unidades de ensino da Rede Municipal ter\u00e1 in\u00edcio em 11 de fevereiro encerrando no dia 13 de dezembro de 2019. Caracteriza-se como dia letivo toda atividade com data prevista no Calend\u00e1rio Escolar, com frequ\u00eancia exig\u00edvel do estudante e a efetiva presen\u00e7a e orienta\u00e7\u00e3o do professor e do coordenador pedag\u00f3gico.<\/p>\n<p>De acordo com a Instru\u00e7\u00e3o da SEMED, o calend\u00e1rio escolar sugestivo da Educa\u00e7\u00e3o Infantil-Creche ser\u00e1 assim constitu\u00eddo: 204 (duzentos e quatro) dias no ano escolar; 200 (duzentos) dias letivos distribu\u00eddos em quatro bimestres; 800 (oitocentas) horas anuais (Creche Parcial); 1.600 (mil e seiscentas) horas anuais (Creche Integral); 04 (quatro) dias de Forma\u00e7\u00e3o em Servi\u00e7o (FS); 06 (seis) dias de Atividades Culturais: 02 (duas) Festas da Fam\u00edlia (FF), 01 (uma) Festa Junina (FJN), 02 (dois) Feriados Letivos, 01 (uma) Exposi\u00e7\u00e3o Pedag\u00f3gica (EXP).<\/p>\n<p>J\u00e1 o Calend\u00e1rio Escolar sugestivo da Educa\u00e7\u00e3o Infantil-Pr\u00e9-Escola ser\u00e1 assim constitu\u00eddo: 204 (duzentos e quatro) dias no ano escolar; 200 (duzentos) dias letivos distribu\u00eddos em quatro bimestres; 800 (oitocentas) horas anuais (Ensino Regular); 1.600 (mil e seiscentas) horas anuais (Educa\u00e7\u00e3o Integral); 1.000 (mil) horas anuais (Jornada Ampliada); 04 (dois) dia de Forma\u00e7\u00e3o em Servi\u00e7o (FS); 06 (dez) dias de Atividades Culturais: 02 (duas) Festas da Fam\u00edlia (FF), 01 (uma) Festa Junina (FJN), 02 (dois) Feriados Municipais (FM), 01 (uma) Exposi\u00e7\u00e3o Pedag\u00f3gica (EXP).<\/p>\n<p>O Calend\u00e1rio Escolar sugestivo para o Ensino Fundamental e Educa\u00e7\u00e3o de Jovens e Adultos (EJA) ser\u00e1 assim constitu\u00eddo: 209 (duzentos e nove) dias no ano escolar; 200 (duzentos) dias letivos distribu\u00eddos em quatro bimestres; 800 (oitocentas) horas anuais (Ensino Regular); 1.600 (mil e seiscentas) horas anuais (Educa\u00e7\u00e3o Integral); 1.000 (mil) horas anuais (Jornada Ampliada); 04 (quatro) dias de Forma\u00e7\u00e3o em Servi\u00e7o (FS); 06 (dez) dias de Atividades Culturais: 02 (duas) Festas da Fam\u00edlia (FF), 01 (uma) Festa Junina (FJN), 02 (dois) Feriados Letivos, 01 (uma) Exposi\u00e7\u00e3o Pedag\u00f3gica (EXP).<\/p>\n<p>Em todas as situa\u00e7\u00f5es, o calend\u00e1rio escolar reserva datas para Jornadas Pedag\u00f3gicas; Forma\u00e7\u00e3o em Servi\u00e7o; Forma\u00e7\u00e3o Continuada da Secretaria Municipal de Educa\u00e7\u00e3o; reuni\u00e3o de Colegiado e APM e Conselho de Classe.<\/p>\n","protected":false},"excerpt":{"rendered":"<p>A Secretaria Municipal de Educa\u00e7\u00e3o (SEMED) definiu a organiza\u00e7\u00e3o do ano escolar e do ano&#8230;<\/p>\n","protected":false},"author":1,"featured_media":27226,"comment_status":"closed","ping_status":"closed","sticky":false,"template":"","format":"standard","meta":{"footnotes":""},"categories":[10],"tags":[],"class_list":["post-27225","post","type-post","status-publish","format-standard","has-post-thumbnail","hentry","category-educacao"],"_links":{"self":[{"href":"https:\/\/www.corumbaonline.com.br\/news\/wp-json\/wp\/v2\/posts\/27225","targetHints":{"allow":["GET"]}}],"collection":[{"href":"https:\/\/www.corumbaonline.com.br\/news\/wp-json\/wp\/v2\/posts"}],"about":[{"href":"https:\/\/www.corumbaonline.com.br\/news\/wp-json\/wp\/v2\/types\/post"}],"author":[{"embeddable":true,"href":"https:\/\/www.corumbaonline.com.br\/news\/wp-json\/wp\/v2\/users\/1"}],"replies":[{"embeddable":true,"href":"https:\/\/www.corumbaonline.com.br\/news\/wp-json\/wp\/v2\/comments?post=27225"}],"version-history":[{"count":1,"href":"https:\/\/www.corumbaonline.com.br\/news\/wp-json\/wp\/v2\/posts\/27225\/revisions"}],"predecessor-version":[{"id":27227,"href":"https:\/\/www.corumbaonline.com.br\/news\/wp-json\/wp\/v2\/posts\/27225\/revisions\/27227"}],"wp:featuredmedia":[{"embeddable":true,"href":"https:\/\/www.corumbaonline.com.br\/news\/wp-json\/wp\/v2\/media\/27226"}],"wp:attachment":[{"href":"https:\/\/www.corumbaonline.com.br\/news\/wp-json\/wp\/v2\/media?parent=27225"}],"wp:term":[{"taxonomy":"category","embeddable":true,"href":"https:\/\/www.corumbaonline.com.br\/news\/wp-json\/wp\/v2\/categories?post=27225"},{"taxonomy":"post_tag","embeddable":true,"href":"https:\/\/www.corumbaonline.com.br\/news\/wp-json\/wp\/v2\/tags?post=27225"}],"curies":[{"name":"wp","href":"https:\/\/api.w.org\/{rel}","templated":true}]}}