{"id":27271,"date":"2019-01-21T16:08:48","date_gmt":"2019-01-21T19:08:48","guid":{"rendered":"http:\/\/www.corumbaonline.com.br\/news\/?p=27271"},"modified":"2019-01-21T16:08:52","modified_gmt":"2019-01-21T19:08:52","slug":"a-elite-encastelada-o-que-esperar-de-davos-em-2019","status":"publish","type":"post","link":"https:\/\/www.corumbaonline.com.br\/news\/a-elite-encastelada-o-que-esperar-de-davos-em-2019\/","title":{"rendered":"A elite encastelada: o que esperar de Davos em 2019?"},"content":{"rendered":"<p>O crescimento global est\u00e1 perdendo g\u00e1s, enquanto conflitos comerciais est\u00e3o em alta.\u00a0Problemas ambientais e mudan\u00e7as clim\u00e1ticas permanecem sem solu\u00e7\u00e3o. Ao\u00a0mesmo tempo,\u00a0grandes mudan\u00e7as ocorrem por causa da crescente digitaliza\u00e7\u00e3o.\u00a0&#8220;Cada uma dessas quest\u00f5es \u00e9 um grande desafio&#8221;, diz Borge\u00a0Brende, ex-ministro das Rela\u00e7\u00f5es Exteriores da Noruega e atual presidente do F\u00f3rum Econ\u00f4mico Mundial, que come\u00e7a nesta ter\u00e7a-feira (22\/01) em Davos. &#8220;Vistas em conjunto, elas s\u00e3o uma tarefa tremenda que s\u00f3 pode ser resolvida por meio da colabora\u00e7\u00e3o.&#8221;<\/p>\n<p>No entanto, h\u00e1 uma crescente falta de coopera\u00e7\u00e3o. O presidente americano, Donald Trump, \u00e9 um opositor declarado dos acordos multilaterais e, em meio \u00e0 paralisa\u00e7\u00e3o do governo nos Estados Unidos,\u00a0nem sequer ir\u00e1 a Davos. O novo presidente do Brasil, Jair\u00a0Bolsonaro, tamb\u00e9m adotou uma linha nacionalista. A Uni\u00e3o Europeia est\u00e1 ocupada com o\u00a0Brexit, populistas\u00a0est\u00e3o governando a It\u00e1lia e outros pa\u00edses europeus, &#8220;coletes amarelos&#8221; est\u00e3o protestando na Fran\u00e7a, o Oriente\u00a0M\u00e9dio \u00e9\u00a0um barril de p\u00f3lvora, e a China est\u00e1 se intrometendo em Taiwan.<\/p>\n<p>O presidente do conselho executivo do F\u00f3rum,\u00a0Klaus\u00a0Schwab, v\u00ea a organiza\u00e7\u00e3o que ele fundou em 1971 como um instrumento de entendimento. &#8220;Di\u00e1logo para facilitar a compreens\u00e3o m\u00fatua \u00e9 mais importante hoje do que nunca&#8221;, disse.<\/p>\n<p>J\u00e1\u00a0Brende\u00a0acabou soando como um organizador de um festival quando listou de maneira entusiasmada os participantes deste ano.\u00a0&#8220;N\u00f3s temos 37 chefes de Estado e de governo da Europa e da Eur\u00e1sia, nove do Oriente M\u00e9dio, seis presidentes da Am\u00e9rica Latina e seis ou sete da \u00c1frica&#8221;, disse. &#8220;Da China vem o vice-presidente\u00a0Wang\u00a0Qishan, e ainda esperamos\u00a0altos representantes\u00a0do gabinete americano.&#8221;<\/p>\n<p>No total, cerca de 70 chefes de Estado e de governo, al\u00e9m de l\u00edderes das Na\u00e7\u00f5es Unidas, do Fundo Monet\u00e1rio Internacional (FMI), do Banco Mundial e da Organiza\u00e7\u00e3o Mundial do Com\u00e9rcio (OMC) est\u00e3o entre os 3 mil participantes. Al\u00e9m deles\u00a0s\u00e3o esperados 300 ministros, mil empres\u00e1rios, numerosos cientistas e representantes de organiza\u00e7\u00f5es ambientais e de desenvolvimento.<\/p>\n<p>E o que eles v\u00e3o fazer nas montanhas da Su\u00ed\u00e7a? Nada menos do que discutir a situa\u00e7\u00e3o do mundo, afinal\u00a0esta \u00e9 a miss\u00e3o do f\u00f3rum. Nas palavras de\u00a0Brende: &#8220;Nosso desafio \u00e9 encontrar solu\u00e7\u00f5es para as quest\u00f5es mais urgentes do mundo com todos os l\u00edderes, representantes de organiza\u00e7\u00f5es internacionais, dos neg\u00f3cios e da sociedade civil&#8221;.<\/p>\n<p>No entanto, nenhum acordo internacional costuma ser assinado em\u00a0Davos. E Trump, o homem que sem d\u00favida gosta de questionar a antiga ordem das coisas, n\u00e3o vai estar presente. Ele cancelou sua participa\u00e7\u00e3o com a justificativa da disputa com o Congresso americano em torno da paralisa\u00e7\u00e3o do governo.<\/p>\n<p>At\u00e9 mesmo o presidente da Fran\u00e7a, Emmanuel Macron, vai permanecer em casa \u2013 oficialmente por causa de uma suposta agenda cheia, mas extraoficialmente porque a participa\u00e7\u00e3o em um encontro da elite pode minar a credibilidade do di\u00e1logo que ele come\u00e7ou a travar com os cidad\u00e3os franceses.<\/p>\n<p>Em contrapartida, a chanceler federal da Alemanha,\u00a0Angela\u00a0Merkel, vai comparecer, assim como sua sucessora na chefia da Uni\u00e3o Democrata Crist\u00e3 (CDU),\u00a0Annegret\u00a0Kramp-Karrenbauer, e o ministro alem\u00e3o da Sa\u00fade,\u00a0Jens\u00a0Spahn.<\/p>\n<p>Com a aus\u00eancia de Trump, as aten\u00e7\u00f5es se voltam para o novo presidente brasileiro, Jair Bolsonaro, que vai falar pela primeira vez diante de um p\u00fablico internacional.<\/p>\n<p>Para o f\u00f3rum, a aus\u00eancia de Trump \u00e9 sem d\u00favida um preju\u00edzo do ponto de vista da repercuss\u00e3o internacional. Um ano atr\u00e1s, a presen\u00e7a do americano ganhou manchetes pelo mundo, mesmo sem qualquer contribui\u00e7\u00e3o da parte dele na discuss\u00e3o sobre quest\u00f5es globais.<\/p>\n<p>Em vez de dialogar, Trump fez apelos aos empres\u00e1rios presentes para que investissem em seu pa\u00eds. Muitos l\u00edderes de governos fazem isso em\u00a0Davos, mas poucos ousam se promover de forma\u00a0t\u00e3o\u00a0p\u00fablica quanto Trump.<\/p>\n<p>O tema do encontro deste ano \u00e9 o impacto da globaliza\u00e7\u00e3o e da digitaliza\u00e7\u00e3o industrial. Com o t\u00edtulo &#8220;Globaliza\u00e7\u00e3o 4.0: em busca de uma arquitetura global na era da da Quarta Revolu\u00e7\u00e3o Industrial&#8221;, o encontro se prop\u00f5e fazer um progn\u00f3stico do futuro.<\/p>\n<p>O mundo sofre com a falta de vis\u00e3o, diz Schwab. Segundo ele, o f\u00f3rum pode ajudar nesse ponto \u2013 embora ele admita que propostas feitas por grupos de elite estejam sendo vistas com cada vez mais desconfian\u00e7a por cidad\u00e3os.<\/p>\n<p>&#8220;As elites s\u00e3o s\u00f3 dignas de desconfian\u00e7a se o compromisso for apenas a pr\u00f3xima elei\u00e7\u00e3o ou o pr\u00f3ximo relat\u00f3rio trimestral&#8221;, diz. &#8220;Em Davos, por outro lado, n\u00f3s procuramos ativamente uma abordagem de longo prazo, baseada nas oportunidades que queremos conceber.&#8221;<\/p>\n<p>A cr\u00edtica \u00e0s elites formulada por\u00a0Schwab\u00a0vai ainda mais longe. Segundo ele, enquanto a globaliza\u00e7\u00e3o produziu muitos vencedores, ele e o f\u00f3rum nunca foram defensores ideol\u00f3gicos da ideia de submeter tudo \u00e0s for\u00e7as do livre mercado.<\/p>\n<p>Schwab\u00a0afirma que advertiu em 1996 que a globaliza\u00e7\u00e3o n\u00e3o era sustent\u00e1vel da forma como est\u00e1. &#8220;Se falarmos de globaliza\u00e7\u00e3o 4.0 agora, ent\u00e3o ela precisa ser mais inclusiva e sustent\u00e1vel&#8221;, diz. &#8220;E\u00a0ela precisa ser baseada mais em princ\u00edpios\u00a0morais. N\u00f3s precisamos de uma moraliza\u00e7\u00e3o, uma remoraliza\u00e7\u00e3o da globaliza\u00e7\u00e3o.&#8221;<\/p>\n<p>Ainda na discuss\u00e3o dos seus objetivos, o f\u00f3rum tem avan\u00e7ando lentamente em seu plano de aumentar significativamente o n\u00famero de participantes do sexo feminino. A parcela de mulheres neste ano subiu para 22%, ante\u00a021% no ano passado.<\/p>\n","protected":false},"excerpt":{"rendered":"<p>O crescimento global est\u00e1 perdendo g\u00e1s, enquanto conflitos comerciais est\u00e3o em alta.\u00a0Problemas ambientais e mudan\u00e7as&#8230;<\/p>\n","protected":false},"author":1,"featured_media":0,"comment_status":"closed","ping_status":"closed","sticky":false,"template":"","format":"standard","meta":{"footnotes":""},"categories":[15],"tags":[],"class_list":["post-27271","post","type-post","status-publish","format-standard","hentry","category-internacional"],"_links":{"self":[{"href":"https:\/\/www.corumbaonline.com.br\/news\/wp-json\/wp\/v2\/posts\/27271","targetHints":{"allow":["GET"]}}],"collection":[{"href":"https:\/\/www.corumbaonline.com.br\/news\/wp-json\/wp\/v2\/posts"}],"about":[{"href":"https:\/\/www.corumbaonline.com.br\/news\/wp-json\/wp\/v2\/types\/post"}],"author":[{"embeddable":true,"href":"https:\/\/www.corumbaonline.com.br\/news\/wp-json\/wp\/v2\/users\/1"}],"replies":[{"embeddable":true,"href":"https:\/\/www.corumbaonline.com.br\/news\/wp-json\/wp\/v2\/comments?post=27271"}],"version-history":[{"count":1,"href":"https:\/\/www.corumbaonline.com.br\/news\/wp-json\/wp\/v2\/posts\/27271\/revisions"}],"predecessor-version":[{"id":27272,"href":"https:\/\/www.corumbaonline.com.br\/news\/wp-json\/wp\/v2\/posts\/27271\/revisions\/27272"}],"wp:attachment":[{"href":"https:\/\/www.corumbaonline.com.br\/news\/wp-json\/wp\/v2\/media?parent=27271"}],"wp:term":[{"taxonomy":"category","embeddable":true,"href":"https:\/\/www.corumbaonline.com.br\/news\/wp-json\/wp\/v2\/categories?post=27271"},{"taxonomy":"post_tag","embeddable":true,"href":"https:\/\/www.corumbaonline.com.br\/news\/wp-json\/wp\/v2\/tags?post=27271"}],"curies":[{"name":"wp","href":"https:\/\/api.w.org\/{rel}","templated":true}]}}