{"id":27275,"date":"2019-01-21T16:45:06","date_gmt":"2019-01-21T19:45:06","guid":{"rendered":"http:\/\/www.corumbaonline.com.br\/news\/?p=27275"},"modified":"2019-01-21T16:10:53","modified_gmt":"2019-01-21T19:10:53","slug":"theresa-may-descarta-hipotese-de-um-segundo-referendo-sobre-o-brexit","status":"publish","type":"post","link":"https:\/\/www.corumbaonline.com.br\/news\/theresa-may-descarta-hipotese-de-um-segundo-referendo-sobre-o-brexit\/","title":{"rendered":"Theresa May descarta hip\u00f3tese de um segundo referendo sobre o Brexit"},"content":{"rendered":"<p>A primeira-ministra brit\u00e2nica, Theresa May, afastou hoje (20), durante discurso \u00e0 C\u00e2mara dos Comuns (Parlamento), a possibilidade de convocar um segundo referendo sobre o Brexit \u2013 a sa\u00edda do Reino Unido da Uni\u00e3o Europeia. Ela destacou que manter\u00e1 o acordo de fronteiras entre a Irlanda do Norte e a Rep\u00fablica da Irlanda, tema que estava sendo colocado em discuss\u00e3o tamb\u00e9m.<\/p>\n<p>Na semana passada, o Parlamento brit\u00e2nico rejeitou o acordo proposto por Theresa May. Nos \u00faltimos dias, ela intensificou as conversas com os deputados e tamb\u00e9m com os partidos pol\u00edticos em busca de consenso. Segundo a primeira-ministra, vai manter as conversas no esfor\u00e7o de garantir o acordo. Depois, a primeira-ministra promete ir \u00e0 Uni\u00e3o Europeia.<\/p>\n<p>Para Theresa May, um segundo referendo poderia levar o Reino Unido a sofrer impactos dif\u00edceis de serem contornados. Ela n\u00e3o entrou em detalhes. O prazo m\u00e1ximo para os brit\u00e2nicos deixarem o bloco europeu \u00e9 29 de mar\u00e7o.<\/p>\n<p>Na pr\u00f3xima semana, a primeira-ministra ser\u00e1 novamente testada pela C\u00e2mara dos Comuns, que vai votar o chamado \u201cplano B\u201d, proposto por ela.<\/p>\n<p>Em rela\u00e7\u00e3o \u00e0 pol\u00eamica sobre o acordo de Belfast, que trata da fronteira entre a Irlanda do Norte e a Rep\u00fablica da Irlanda, Theresa May se disse fiel ao que est\u00e1 posto, mas afirmou que dever\u00e1 ser renegociado com a Uni\u00e3o Europeia e n\u00e3o com os parceiros do di\u00e1logo inter-irland\u00eas.<\/p>\n<p>A primeira-ministra afirmou tamb\u00e9m que a sa\u00edda da Uni\u00e3o Europeia n\u00e3o poder\u00e1 modificar direitos garantidos dos trabalhadores. Ela recuou na proposta de fixar uma taxa para cidad\u00e3os da UE que queiram residir no Reino Unido. Segundo ela, os que j\u00e1 a pagaram ser\u00e3o reembolsados.<\/p>\n<p><em>* Com informa\u00e7\u00f5es da RTP, emissora p\u00fablica de televis\u00e3o de Portugal<\/em><\/p>\n","protected":false},"excerpt":{"rendered":"<p>A primeira-ministra brit\u00e2nica, Theresa May, afastou hoje (20), durante discurso \u00e0 C\u00e2mara dos Comuns (Parlamento),&#8230;<\/p>\n","protected":false},"author":1,"featured_media":0,"comment_status":"closed","ping_status":"closed","sticky":false,"template":"","format":"standard","meta":{"footnotes":""},"categories":[15],"tags":[],"class_list":["post-27275","post","type-post","status-publish","format-standard","hentry","category-internacional"],"_links":{"self":[{"href":"https:\/\/www.corumbaonline.com.br\/news\/wp-json\/wp\/v2\/posts\/27275","targetHints":{"allow":["GET"]}}],"collection":[{"href":"https:\/\/www.corumbaonline.com.br\/news\/wp-json\/wp\/v2\/posts"}],"about":[{"href":"https:\/\/www.corumbaonline.com.br\/news\/wp-json\/wp\/v2\/types\/post"}],"author":[{"embeddable":true,"href":"https:\/\/www.corumbaonline.com.br\/news\/wp-json\/wp\/v2\/users\/1"}],"replies":[{"embeddable":true,"href":"https:\/\/www.corumbaonline.com.br\/news\/wp-json\/wp\/v2\/comments?post=27275"}],"version-history":[{"count":1,"href":"https:\/\/www.corumbaonline.com.br\/news\/wp-json\/wp\/v2\/posts\/27275\/revisions"}],"predecessor-version":[{"id":27276,"href":"https:\/\/www.corumbaonline.com.br\/news\/wp-json\/wp\/v2\/posts\/27275\/revisions\/27276"}],"wp:attachment":[{"href":"https:\/\/www.corumbaonline.com.br\/news\/wp-json\/wp\/v2\/media?parent=27275"}],"wp:term":[{"taxonomy":"category","embeddable":true,"href":"https:\/\/www.corumbaonline.com.br\/news\/wp-json\/wp\/v2\/categories?post=27275"},{"taxonomy":"post_tag","embeddable":true,"href":"https:\/\/www.corumbaonline.com.br\/news\/wp-json\/wp\/v2\/tags?post=27275"}],"curies":[{"name":"wp","href":"https:\/\/api.w.org\/{rel}","templated":true}]}}