{"id":27279,"date":"2019-01-21T17:16:03","date_gmt":"2019-01-21T20:16:03","guid":{"rendered":"http:\/\/www.corumbaonline.com.br\/news\/?p=27279"},"modified":"2019-01-21T17:16:07","modified_gmt":"2019-01-21T20:16:07","slug":"publicada-resolucao-que-organiza-curriculo-e-estrutura-administrativa-das-escolas-de-tempo-integral-do-ensino-fundamental","status":"publish","type":"post","link":"https:\/\/www.corumbaonline.com.br\/news\/publicada-resolucao-que-organiza-curriculo-e-estrutura-administrativa-das-escolas-de-tempo-integral-do-ensino-fundamental\/","title":{"rendered":"Publicada Resolu\u00e7\u00e3o que organiza curr\u00edculo e estrutura administrativa das Escolas de tempo Integral do Ensino Fundamental"},"content":{"rendered":"<p>Foi publicada nesta segunda-feira (21.01), a Resolu\u00e7\u00e3o\/SED n. 3.557, que trata da organiza\u00e7\u00e3o curricular e estrutura administrativa das escolas da Rede Estadual de Ensino (REE) que ofertam a educa\u00e7\u00e3o em tempo integral, na etapa do Ensino Fundamental \u2013 Escola da Autoria. Dispon\u00edvel na edi\u00e7\u00e3o n. 9.825 do Di\u00e1rio Oficial do Estado <a href=\"http:\/\/www.spdo.ms.gov.br\/diariodoe\/Index\/Download\/DO9825_21_01_2019\">(DOE)<\/a>, o documento tamb\u00e9m trata da carga hor\u00e1ria e jornada de atendimento das unidades.<\/p>\n<p>De acordo com a publica\u00e7\u00e3o, as escolas de Tempo Integral t\u00eam por objetivo prolongar a perman\u00eancia dos estudantes de Ensino Fundamental na escola p\u00fablica estadual, de modo a ampliar as possibilidades de aprendizagem, com o enriquecimento do curr\u00edculo b\u00e1sico, a explora\u00e7\u00e3o de temas transversais e a viv\u00eancia de situa\u00e7\u00f5es que favore\u00e7am o aprimoramento pessoal, social e cultural.<\/p>\n<p>Entre os pontos abordados pela Resolu\u00e7\u00e3o, est\u00e1 a proposta pedag\u00f3gica das escolas de Ensino Fundamental em Tempo Integral \u2013 Escola da Autoria \u2013 que tem como foco a aprendizagem do estudante, vinculando a qualidade e o tempo di\u00e1rio de escolariza\u00e7\u00e3o, mediante a diversidade de atividades disponibilizadas.<\/p>\n<p>Al\u00e9m de trazer a rela\u00e7\u00e3o completa de unidades que ofertam as vagas para o Ensino Fundamental em Tempo Integral, a publica\u00e7\u00e3o ainda estabelece que caber\u00e1 \u00e0 Gest\u00e3o e \u00e0 Coordena\u00e7\u00e3o Pedag\u00f3gica da escola organizar, acompanhar e avaliar o planejamento e a execu\u00e7\u00e3o do trabalho pedag\u00f3gico realizado pela Equipe Docente, de acordo com as diretrizes emanadas da Secretaria de Estado de Educa\u00e7\u00e3o.<\/p>\n<p>A publica\u00e7\u00e3o, na \u00edntegra, pode ser encontrada nas p\u00e1ginas 4, 5 e 6 do DOE desta segunda-feira, 21 de janeiro de 2019.<\/p>\n<p><em>Vin\u00edcius Esp\u00edndola, Secretaria de Educa\u00e7\u00e3o (SED)<\/em><\/p>\n","protected":false},"excerpt":{"rendered":"<p>Foi publicada nesta segunda-feira (21.01), a Resolu\u00e7\u00e3o\/SED n. 3.557, que trata da organiza\u00e7\u00e3o curricular e&#8230;<\/p>\n","protected":false},"author":1,"featured_media":0,"comment_status":"closed","ping_status":"closed","sticky":false,"template":"","format":"standard","meta":{"footnotes":""},"categories":[10],"tags":[],"class_list":["post-27279","post","type-post","status-publish","format-standard","hentry","category-educacao"],"_links":{"self":[{"href":"https:\/\/www.corumbaonline.com.br\/news\/wp-json\/wp\/v2\/posts\/27279","targetHints":{"allow":["GET"]}}],"collection":[{"href":"https:\/\/www.corumbaonline.com.br\/news\/wp-json\/wp\/v2\/posts"}],"about":[{"href":"https:\/\/www.corumbaonline.com.br\/news\/wp-json\/wp\/v2\/types\/post"}],"author":[{"embeddable":true,"href":"https:\/\/www.corumbaonline.com.br\/news\/wp-json\/wp\/v2\/users\/1"}],"replies":[{"embeddable":true,"href":"https:\/\/www.corumbaonline.com.br\/news\/wp-json\/wp\/v2\/comments?post=27279"}],"version-history":[{"count":1,"href":"https:\/\/www.corumbaonline.com.br\/news\/wp-json\/wp\/v2\/posts\/27279\/revisions"}],"predecessor-version":[{"id":27280,"href":"https:\/\/www.corumbaonline.com.br\/news\/wp-json\/wp\/v2\/posts\/27279\/revisions\/27280"}],"wp:attachment":[{"href":"https:\/\/www.corumbaonline.com.br\/news\/wp-json\/wp\/v2\/media?parent=27279"}],"wp:term":[{"taxonomy":"category","embeddable":true,"href":"https:\/\/www.corumbaonline.com.br\/news\/wp-json\/wp\/v2\/categories?post=27279"},{"taxonomy":"post_tag","embeddable":true,"href":"https:\/\/www.corumbaonline.com.br\/news\/wp-json\/wp\/v2\/tags?post=27279"}],"curies":[{"name":"wp","href":"https:\/\/api.w.org\/{rel}","templated":true}]}}