{"id":27281,"date":"2019-01-21T17:50:02","date_gmt":"2019-01-21T20:50:02","guid":{"rendered":"http:\/\/www.corumbaonline.com.br\/news\/?p=27281"},"modified":"2019-01-21T17:50:05","modified_gmt":"2019-01-21T20:50:05","slug":"embaixador-alemao-sugere-ao-governo-brasileiro-que-detalhe-acoes","status":"publish","type":"post","link":"https:\/\/www.corumbaonline.com.br\/news\/embaixador-alemao-sugere-ao-governo-brasileiro-que-detalhe-acoes\/","title":{"rendered":"Embaixador alem\u00e3o sugere ao governo brasileiro que detalhe a\u00e7\u00f5es"},"content":{"rendered":"<p>O embaixador da Alemanha no Brasil, Georg Witschel, se reuniu hoje (21) com o presidente em exerc\u00edcio, general Hamilton Mour\u00e3o, no Pal\u00e1cio do Planalto. O diplomata disse que objetivo da sua visita foi colaborar para a \u201creputa\u00e7\u00e3o\u201d do Brasil no exterior. Segundo ele, \u00e9 necess\u00e1rio que o governo federal detalhe seus planos sobre mudan\u00e7as clim\u00e1ticas, direitos humanos e reformas.<\/p>\n<p>\u201cAcho importante que o governo fa\u00e7a uma pol\u00edtica que explique as inten\u00e7\u00f5es, as reformas. E explique [a\u00e7\u00f5es em prol dos] direitos humanos, se a luta contra a mudan\u00e7a clim\u00e1tica continuar\u00e1. Ent\u00e3o, estou otimista, mas temos a fazer\u201d, disse o embaixador ap\u00f3s o encontro.<\/p>\n<p>Witschel disse que a aus\u00eancia de informa\u00e7\u00f5es gera \u201cpreocupa\u00e7\u00e3o\u201d e \u201cnervosismo\u201d em setores da sociedade. \u201cEu n\u00e3o acho que isso reflita a verdade, mas h\u00e1 uma opini\u00e3o p\u00fablica bastante cr\u00edtica. Ent\u00e3o, os melhores argumentos s\u00e3o fatos.\u201d<\/p>\n<p>Para o embaixador, \u00e9 preciso avaliar o governo federal, de acordo com suas a\u00e7\u00f5es e n\u00e3o por meio de palavras ditas durante a campanha eleitoral e posts nas redes sociais. Questionado sobre as negocia\u00e7\u00f5es do acordo entre Mercosul e Uni\u00e3o Europeia, ele disse o esfor\u00e7o da Alemanha \u00e9 para concluir logo as tratativas.<\/p>\n<p>&#8220;O livre com\u00e9rcio com Mercosul foi tratado. \u00c9 um interesse maior da Alemanha de avan\u00e7ar nessas negocia\u00e7\u00f5es. A mensagem do senhor vice-presidente foi que depois do encontro do presidente Bolsonaro com [o presidente da Argentina Maur\u00edcio] Macri h\u00e1 o interesse do Mercosul de avan\u00e7ar esses neg\u00f3cios com a Uni\u00e3o Europeia porque eles est\u00e3o avan\u00e7ados. E do lado europeu, \u00e9 claro, temos o interesse de concluir de uma maneira r\u00e1pida, mas concluir um tratado profundo&#8221;, disse o embaixador.<\/p>\n<p>Segundo o diplomata alem\u00e3o, a conversa com Mour\u00e3o foi \u201cexcelente\u201d. Ambos analisaram a crise pol\u00edtica, econ\u00f4mica e social na Venezuela, al\u00e9m do impacto da explos\u00e3o do carro-bomba na Col\u00f4mbia na semana passada.<\/p>\n<p>\u201cFoi uma conversa excelente, sobre muitos temas. Indica uma abordagem razo\u00e1vel, baseada nos valores comuns, nos interesses comuns, no direito internacional. Ent\u00e3o, uma base que vale, razo\u00e1vel\u201d, disse.<\/p>\n","protected":false},"excerpt":{"rendered":"<p>O embaixador da Alemanha no Brasil, Georg Witschel, se reuniu hoje (21) com o presidente&#8230;<\/p>\n","protected":false},"author":1,"featured_media":0,"comment_status":"closed","ping_status":"closed","sticky":false,"template":"","format":"standard","meta":{"footnotes":""},"categories":[15],"tags":[],"class_list":["post-27281","post","type-post","status-publish","format-standard","hentry","category-internacional"],"_links":{"self":[{"href":"https:\/\/www.corumbaonline.com.br\/news\/wp-json\/wp\/v2\/posts\/27281","targetHints":{"allow":["GET"]}}],"collection":[{"href":"https:\/\/www.corumbaonline.com.br\/news\/wp-json\/wp\/v2\/posts"}],"about":[{"href":"https:\/\/www.corumbaonline.com.br\/news\/wp-json\/wp\/v2\/types\/post"}],"author":[{"embeddable":true,"href":"https:\/\/www.corumbaonline.com.br\/news\/wp-json\/wp\/v2\/users\/1"}],"replies":[{"embeddable":true,"href":"https:\/\/www.corumbaonline.com.br\/news\/wp-json\/wp\/v2\/comments?post=27281"}],"version-history":[{"count":1,"href":"https:\/\/www.corumbaonline.com.br\/news\/wp-json\/wp\/v2\/posts\/27281\/revisions"}],"predecessor-version":[{"id":27282,"href":"https:\/\/www.corumbaonline.com.br\/news\/wp-json\/wp\/v2\/posts\/27281\/revisions\/27282"}],"wp:attachment":[{"href":"https:\/\/www.corumbaonline.com.br\/news\/wp-json\/wp\/v2\/media?parent=27281"}],"wp:term":[{"taxonomy":"category","embeddable":true,"href":"https:\/\/www.corumbaonline.com.br\/news\/wp-json\/wp\/v2\/categories?post=27281"},{"taxonomy":"post_tag","embeddable":true,"href":"https:\/\/www.corumbaonline.com.br\/news\/wp-json\/wp\/v2\/tags?post=27281"}],"curies":[{"name":"wp","href":"https:\/\/api.w.org\/{rel}","templated":true}]}}