{"id":27304,"date":"2019-01-22T14:28:53","date_gmt":"2019-01-22T17:28:53","guid":{"rendered":"http:\/\/www.corumbaonline.com.br\/news\/?p=27304"},"modified":"2019-01-22T14:28:57","modified_gmt":"2019-01-22T17:28:57","slug":"bolsonaro-defende-preservacao-ambiental-e-desenvolvimento-economico","status":"publish","type":"post","link":"https:\/\/www.corumbaonline.com.br\/news\/bolsonaro-defende-preservacao-ambiental-e-desenvolvimento-economico\/","title":{"rendered":"Bolsonaro defende preserva\u00e7\u00e3o ambiental e desenvolvimento econ\u00f4mico"},"content":{"rendered":"<p>O presidente Jair Bolsonaro fez hoje (22) sua estreia internacional, ao discursar por 6 minutos e 36 segundos na abertura do F\u00f3rum Econ\u00f4mico Mundial, em Davos, na Su\u00ed\u00e7a. Ele reiterou que o Brasil vive um novo momento sem nortear suas escolhas em vi\u00e9s ideol\u00f3gico, com respeito a valores e em defesa da abertura do mercado econ\u00f4mico. \u201cTemos o compromisso de mudar a nossa hist\u00f3ria.\u201d<\/p>\n<p>No discurso, o presidente destacou a import\u00e2ncia de o mundo acreditar no Brasil. Ele n\u00e3o mencionou reformas, mas afirmou que vai reduzir tributos no pa\u00eds. Bolsonaro reiterou a determina\u00e7\u00e3o de avan\u00e7ar economicamente.<\/p>\n<p>Ele defendeu a reforma da Organiza\u00e7\u00e3o Mundial do Com\u00e9rcio (OMC), sem entrar em detalhes, mas destacando a necessidade de aumentar as trocas internacionaios. Acrescentou que o esfor\u00e7o do governo federal ser\u00e1 para colocar o Brasil entre os 50 melhores pa\u00edses para fazer neg\u00f3cios.<\/p>\n<p>O presidente reiterou que vai se empenhar para reduzir a pobreza e a mis\u00e9ria no Brasil por meio da educa\u00e7\u00e3o. Segundo ele, outro esfor\u00e7o \u00e9 para combater a corrup\u00e7\u00e3o e aumentar a seguran\u00e7a p\u00fablica. Bolsonaro convidou os presentes para que visitem o Brasil. \u201cEstamos de bra\u00e7os abertos\u201d, disse. \u201cQuero um mundo de paz, democracia e liberdade.\u201d<\/p>\n<p>Ele reafirmou sua determina\u00e7\u00e3o de manter a harmonia entre o desenvolvimento econ\u00f4mico e a preserva\u00e7\u00e3o do meio ambiente e a biodiversidade. \u201cNossa miss\u00e3o \u00e9 avan\u00e7ar na compatibiliza\u00e7\u00e3o da preserva\u00e7\u00e3o\u201d e do \u201cdesenvolvimento\u201d. \u201cQueremos que o mundo restabele\u00e7a a confian\u00e7a em n\u00f3s.\u201d<\/p>\n<p>O presidente lembrou como foi sua campanha eleitoral, gastando pouco, com tempo reduzido de televis\u00e3o e \u201csendo atacado\u201d. Destacou que &#8220;montou uma equipe\u201d sem inger\u00eancias pol\u00edtico-partid\u00e1rias. No discurso, citou os nomes dos ministros Sergio Moro (Justi\u00e7a), Paulo Guedes (Economia) e Ernesto Ara\u00fajo (Rela\u00e7\u00f5es Exteriores).<\/p>\n","protected":false},"excerpt":{"rendered":"<p>O presidente Jair Bolsonaro fez hoje (22) sua estreia internacional, ao discursar por 6 minutos&#8230;<\/p>\n","protected":false},"author":1,"featured_media":0,"comment_status":"closed","ping_status":"closed","sticky":false,"template":"","format":"standard","meta":{"footnotes":""},"categories":[15],"tags":[],"class_list":["post-27304","post","type-post","status-publish","format-standard","hentry","category-internacional"],"_links":{"self":[{"href":"https:\/\/www.corumbaonline.com.br\/news\/wp-json\/wp\/v2\/posts\/27304","targetHints":{"allow":["GET"]}}],"collection":[{"href":"https:\/\/www.corumbaonline.com.br\/news\/wp-json\/wp\/v2\/posts"}],"about":[{"href":"https:\/\/www.corumbaonline.com.br\/news\/wp-json\/wp\/v2\/types\/post"}],"author":[{"embeddable":true,"href":"https:\/\/www.corumbaonline.com.br\/news\/wp-json\/wp\/v2\/users\/1"}],"replies":[{"embeddable":true,"href":"https:\/\/www.corumbaonline.com.br\/news\/wp-json\/wp\/v2\/comments?post=27304"}],"version-history":[{"count":1,"href":"https:\/\/www.corumbaonline.com.br\/news\/wp-json\/wp\/v2\/posts\/27304\/revisions"}],"predecessor-version":[{"id":27305,"href":"https:\/\/www.corumbaonline.com.br\/news\/wp-json\/wp\/v2\/posts\/27304\/revisions\/27305"}],"wp:attachment":[{"href":"https:\/\/www.corumbaonline.com.br\/news\/wp-json\/wp\/v2\/media?parent=27304"}],"wp:term":[{"taxonomy":"category","embeddable":true,"href":"https:\/\/www.corumbaonline.com.br\/news\/wp-json\/wp\/v2\/categories?post=27304"},{"taxonomy":"post_tag","embeddable":true,"href":"https:\/\/www.corumbaonline.com.br\/news\/wp-json\/wp\/v2\/tags?post=27304"}],"curies":[{"name":"wp","href":"https:\/\/api.w.org\/{rel}","templated":true}]}}