{"id":27308,"date":"2019-01-22T15:32:35","date_gmt":"2019-01-22T18:32:35","guid":{"rendered":"http:\/\/www.corumbaonline.com.br\/news\/?p=27308"},"modified":"2019-01-22T14:54:14","modified_gmt":"2019-01-22T17:54:14","slug":"por-meio-do-trabalho-social-prefeitura-realiza-varias-atividades-no-residencial-buriti","status":"publish","type":"post","link":"https:\/\/www.corumbaonline.com.br\/news\/por-meio-do-trabalho-social-prefeitura-realiza-varias-atividades-no-residencial-buriti\/","title":{"rendered":"Por meio do trabalho social, Prefeitura realiza v\u00e1rias atividades no Residencial Buriti"},"content":{"rendered":"<p>Desta ter\u00e7a-feira, 22 de janeiro, at\u00e9 o pr\u00f3ximo s\u00e1bado, 26, os benefici\u00e1rios do \u201cResidencial Buriti \u2013 PAC Casa Nova 2\u201d, que fazem parte do programa &#8216;Minha Casa, Minha Vida&#8217; estar\u00e3o com uma agenda intensa de atividades que beneficia as 200 fam\u00edlias instaladas no local.<\/p>\n<p>A programa\u00e7\u00e3o faz parte do trabalho social que vem sendo desenvolvido antes mesmo da mudan\u00e7a das fam\u00edlias para o residencial. Neste ano eles ter\u00e3o acesso a cursos profissionalizantes, palestras educativas: ambiental e patrimonial, oficinas, atividades esportivas e pedag\u00f3gicas entre outras atividades divulgadas ao longo do trabalho.<\/p>\n<p>Tamb\u00e9m ser\u00e1 realizado o curso de Gest\u00e3o Condominial e Patrimonial, que faz parte das atividades de apoio \u00e0 gest\u00e3o do condom\u00ednio. O objetivo da Gest\u00e3o Condominial e Patrimonial \u00e9 realizar um conjunto de medidas direcionadas para a capacita\u00e7\u00e3o e educa\u00e7\u00e3o dos s\u00edndicos, membros do conselho consultivo e demais benefici\u00e1rios, sobre a conviv\u00eancia coletiva e o processo de gest\u00e3o condominial, promovendo a organiza\u00e7\u00e3o e a consolida\u00e7\u00e3o do condom\u00ednio e o exerc\u00edcio da participa\u00e7\u00e3o cidad\u00e3.<\/p>\n<p>Para gerente de Habita\u00e7\u00e3o da Prefeitura de Corumb\u00e1, Bruna Cola, o Trabalho Social \u00e9 uma a\u00e7\u00e3o importante e indispens\u00e1vel \u201cpois ele n\u00e3o apenas oferece o acesso \u00e0s atividades, como tamb\u00e9m desperta a reflex\u00e3o das fam\u00edlias sobre as quest\u00f5es que influenciam sua vida, motivando-as e oportunizando-as a buscar uma melhor qualidade de vida\u201d.<\/p>\n<p><strong>Agenda das atividades<\/strong><\/p>\n<table border=\"1\" width=\"600\" cellspacing=\"0\" cellpadding=\"0\">\n<tbody>\n<tr>\n<td rowspan=\"3\" valign=\"top\" width=\"88\"><strong>\u00a0<\/strong><\/p>\n<p><strong>\u00a0<\/strong><\/p>\n<p><strong>22\/01\/19<\/strong><\/td>\n<td valign=\"top\" width=\"512\"><strong>Per\u00edodo Matutino<\/strong><\/p>\n<ul>\n<li>\u00d8 Plant\u00e3o Social \u2013 8h \u00e0s 11 h<\/li>\n<li>\u00d8 Visitas domiciliares \u2013 8hr \u00e0s 10h<\/li>\n<\/ul>\n<\/td>\n<\/tr>\n<tr>\n<td valign=\"top\" width=\"512\"><strong>Per\u00edodo Vespertino<\/strong><\/p>\n<ul>\n<li>\u00d8 Visitas domiciliares \u2013 13h30 as 15h30\n<ul>\n<li>Atividade l\u00fadicas pedag\u00f3gicas (p\u00fablico infanto-juvenil) \u2013 16h \u00e0s 19h<\/li>\n<\/ul>\n<\/li>\n<\/ul>\n<\/td>\n<\/tr>\n<tr>\n<td valign=\"top\" width=\"512\"><strong>Per\u00edodo Noturno<\/strong><\/p>\n<ul>\n<li>\u00d8 Plant\u00e3o Social \u2013 17h \u00e0s 20 h<\/li>\n<\/ul>\n<\/td>\n<\/tr>\n<tr>\n<td rowspan=\"3\" valign=\"top\" width=\"88\"><strong>\u00a0<\/strong><\/p>\n<p><strong>\u00a0<\/strong><\/p>\n<p><strong>\u00a0<\/strong><\/p>\n<p><strong>23\/01\/19<\/strong><\/td>\n<td valign=\"top\" width=\"512\"><strong>Per\u00edodo Matutino<\/strong><\/p>\n<ul>\n<li>\u00d8 Visitas domiciliares \u2013 8h \u00e0s 10 h<\/li>\n<li>\u00d8 Plant\u00e3o Social &#8211; 8h \u00e0s 11 h<\/li>\n<\/ul>\n<\/td>\n<\/tr>\n<tr>\n<td valign=\"top\" width=\"512\"><strong>Per\u00edodo Vespertino<\/strong><\/p>\n<ul>\n<li>\u00d8 Visitas domiciliares \u2013 13h30 as 15h30<\/li>\n<li>\u00d8 Atividades esportivas (p\u00fablico infanto-juvenil) \u2013 16h \u00e0s 19 h<\/li>\n<\/ul>\n<\/td>\n<\/tr>\n<tr>\n<td valign=\"top\" width=\"512\"><strong>Per\u00edodo Noturno<\/strong><\/p>\n<ul>\n<li>\u00d8 Curso de gest\u00e3o condominial \u2013 18h30 as 21h30<\/li>\n<\/ul>\n<\/td>\n<\/tr>\n<tr>\n<td rowspan=\"3\" valign=\"top\" width=\"88\"><strong>\u00a0<\/strong><\/p>\n<p><strong>\u00a0<\/strong><\/p>\n<p><strong>\u00a0<\/strong><\/p>\n<p><strong>24\/01\/19<\/strong><\/td>\n<td valign=\"top\" width=\"512\"><strong>Per\u00edodo Matutino<\/strong><\/p>\n<ul>\n<li>\u00d8 Visitas domiciliares &#8211; 8h \u00e0s 11h<\/li>\n<li>\u00d8 Atividade l\u00fadicas pedag\u00f3gicas (p\u00fablico infanto-juvenil) \u2013 8h \u00e0s 11h<\/li>\n<\/ul>\n<\/td>\n<\/tr>\n<tr>\n<td valign=\"top\" width=\"512\"><strong>Per\u00edodo Vespertino<\/strong><\/p>\n<ul>\n<li>\u00d8 Visitas domiciliares<\/li>\n<li>\u00d8 Plant\u00e3o Social &#8211; 13h30 as 16h30<\/li>\n<li>\u00d8 Atividades esportivas (adultos) \u2013 16h30 as 19h30<\/li>\n<\/ul>\n<\/td>\n<\/tr>\n<tr>\n<td valign=\"top\" width=\"512\"><strong>Per\u00edodo Noturno <\/strong><\/p>\n<ul>\n<li>\u00d8 Curso de gest\u00e3o condominial\u2013 18h30 as 21h30<\/li>\n<\/ul>\n<\/td>\n<\/tr>\n<tr>\n<td rowspan=\"3\" valign=\"top\" width=\"88\"><strong>\u00a0<\/strong><\/p>\n<p><strong>\u00a0<\/strong><\/p>\n<p><strong>25\/01\/19<\/strong><\/td>\n<td valign=\"top\" width=\"512\"><strong>Per\u00edodo Matutino<\/strong><\/p>\n<ul>\n<li>\u00d8 Visitas domiciliares &#8211; 8h \u00e0s 10 h\n<ul>\n<li>\u00d8 Plant\u00e3o Social &#8211; 8h \u00e0s 11 h<\/li>\n<\/ul>\n<\/li>\n<\/ul>\n<\/td>\n<\/tr>\n<tr>\n<td valign=\"top\" width=\"512\"><strong>Per\u00edodo Vespertino<\/strong><\/p>\n<ul>\n<li>\u00d8 Atividades esportivas &#8211; 16h \u00e0s 19 h<\/li>\n<li>\u00d8 Atividade l\u00fadicas pedag\u00f3gicas (p\u00fablico infanto-juvenil) \u2013 16h \u00e0s 19 h<\/li>\n<\/ul>\n<\/td>\n<\/tr>\n<tr>\n<td valign=\"top\" width=\"512\"><strong>Per\u00edodo Noturno <\/strong><\/p>\n<ul>\n<li>\u00d8 Reuni\u00e3o Ed. Ambiental e patrimonial \u2013 18h30 \u00e0s 20h30<\/li>\n<\/ul>\n<\/td>\n<\/tr>\n<tr>\n<td valign=\"top\" width=\"88\"><strong>\u00a0<\/strong><\/p>\n<p><strong>26\/01\/19<\/strong><\/td>\n<td valign=\"top\" width=\"512\"><strong>Per\u00edodo Matutino<\/strong><\/p>\n<ul>\n<li>\u00d8 Reuni\u00e3o Recep\u00e7\u00e3o\/Integra\u00e7\u00e3o \u2013 8h \u00e0s 12h<\/li>\n<li>\u00d8 Atividades esportivas\u00a0\u00a0 &#8211; 8h \u00e0s 10 h<\/li>\n<li>\u00d8 Atividade l\u00fadicas pedag\u00f3gicas &#8211; 8h \u00e0s 10 h<\/li>\n<\/ul>\n<\/td>\n<\/tr>\n<\/tbody>\n<\/table>\n","protected":false},"excerpt":{"rendered":"<p>Desta ter\u00e7a-feira, 22 de janeiro, at\u00e9 o pr\u00f3ximo s\u00e1bado, 26, os benefici\u00e1rios do \u201cResidencial Buriti&#8230;<\/p>\n","protected":false},"author":1,"featured_media":27309,"comment_status":"closed","ping_status":"closed","sticky":false,"template":"","format":"standard","meta":{"footnotes":""},"categories":[8],"tags":[],"class_list":["post-27308","post","type-post","status-publish","format-standard","has-post-thumbnail","hentry","category-destaque"],"_links":{"self":[{"href":"https:\/\/www.corumbaonline.com.br\/news\/wp-json\/wp\/v2\/posts\/27308","targetHints":{"allow":["GET"]}}],"collection":[{"href":"https:\/\/www.corumbaonline.com.br\/news\/wp-json\/wp\/v2\/posts"}],"about":[{"href":"https:\/\/www.corumbaonline.com.br\/news\/wp-json\/wp\/v2\/types\/post"}],"author":[{"embeddable":true,"href":"https:\/\/www.corumbaonline.com.br\/news\/wp-json\/wp\/v2\/users\/1"}],"replies":[{"embeddable":true,"href":"https:\/\/www.corumbaonline.com.br\/news\/wp-json\/wp\/v2\/comments?post=27308"}],"version-history":[{"count":1,"href":"https:\/\/www.corumbaonline.com.br\/news\/wp-json\/wp\/v2\/posts\/27308\/revisions"}],"predecessor-version":[{"id":27310,"href":"https:\/\/www.corumbaonline.com.br\/news\/wp-json\/wp\/v2\/posts\/27308\/revisions\/27310"}],"wp:featuredmedia":[{"embeddable":true,"href":"https:\/\/www.corumbaonline.com.br\/news\/wp-json\/wp\/v2\/media\/27309"}],"wp:attachment":[{"href":"https:\/\/www.corumbaonline.com.br\/news\/wp-json\/wp\/v2\/media?parent=27308"}],"wp:term":[{"taxonomy":"category","embeddable":true,"href":"https:\/\/www.corumbaonline.com.br\/news\/wp-json\/wp\/v2\/categories?post=27308"},{"taxonomy":"post_tag","embeddable":true,"href":"https:\/\/www.corumbaonline.com.br\/news\/wp-json\/wp\/v2\/tags?post=27308"}],"curies":[{"name":"wp","href":"https:\/\/api.w.org\/{rel}","templated":true}]}}