{"id":27312,"date":"2019-01-22T17:20:23","date_gmt":"2019-01-22T20:20:23","guid":{"rendered":"http:\/\/www.corumbaonline.com.br\/news\/?p=27312"},"modified":"2019-01-22T18:01:27","modified_gmt":"2019-01-22T21:01:27","slug":"roberto-facanha-e-eleito-presidente-da-camara-para-o-bienio-2019-2020","status":"publish","type":"post","link":"https:\/\/www.corumbaonline.com.br\/news\/roberto-facanha-e-eleito-presidente-da-camara-para-o-bienio-2019-2020\/","title":{"rendered":"Roberto Fa\u00e7anha \u00e9 eleito presidente da C\u00e2mara para o bi\u00eanio 2019\/2020"},"content":{"rendered":"<p><span style=\"color: #000000;\">Roberto Gomes Fa\u00e7anha \u00e9 o novo presidente da C\u00e2mara Municipal de Corumb\u00e1. Ele comanda a mesa diretora no bi\u00eanio 2019\/2020, ao lado de Tadeu Vieira, primeiro vice-presidente; Ga\u00facho da Pr\u00f3-Art, segundo vice; Rufo Vinagre, primeiro secret\u00e1rio, e Manoel Rodrigues, segundo Secret\u00e1rio.<\/span><\/p>\n<p><span style=\"color: #000000;\">A elei\u00e7\u00e3o ocorreu na tarde desta ter\u00e7a-feira, 22 de janeiro, no plen\u00e1rio da Casa do Bar\u00e3o de Vila Maria. Fa\u00e7anha foi eleito por\u00a0\u00a0\u00a0unanimidade e assume a vaga deixada pelo vereador Evander Vendramini, que renunciou ao cargo na semana passada (foi eleito deputado estadual).<\/span><\/p>\n<p><span style=\"color: #000000;\">O pleito foi somente para presidente da mesa. Os demais integrantes haviam sido eleitos no final de 2017. Esta \u00e9 a segunda vez que Fa\u00e7anha preside o Poder Legislativo corumbaense. A primeira foi no bi\u00eanio 2003\/2004.<\/span><\/p>\n<p><span style=\"color: #000000;\">Roberto Fa\u00e7anha \u00e9 servidor p\u00fablico estadual da AGRAER e cumpre o seu sexto mandato como vereador de Corumb\u00e1. Ele foi empossado em seguida e j\u00e1 comandou uma sess\u00e3o extraordin\u00e1ria convocada pelo Poder Executivo, que aconteceu logo ap\u00f3s o pleito.<\/span><\/p>\n<p><span style=\"color: #000000;\">\u201cCorumb\u00e1 vive um grande momento. Hoje, temos um deputado estadual, uma deputada federal, prefeito, governador, todos alinhados. Vamos somar for\u00e7as ao lado de nossos representantes na Capital e em Bras\u00edlia, e trabalhar de forma conjunta, em parceria com a Prefeitura, para ampliar as a\u00e7\u00f5es em benef\u00edcio da nossa popula\u00e7\u00e3o\u201d, enfatizou.<\/span><\/p>\n<p><span style=\"color: #000000;\">A elei\u00e7\u00e3o do novo presidente da mesa foi convocada na semana passada, durante sess\u00e3o extraordin\u00e1ria, ap\u00f3s pedido de ren\u00fancia de Evander, que comandava a presid\u00eancia da casa pela quarta vez. A convoca\u00e7\u00e3o foi feita pelo vice-presidente da casa, Tadeu Vieira.<\/span><\/p>\n<p><span style=\"color: #000000;\">Tadeu fez uso da palavra, enalteceu o ato e adiantou que, a partir de agora, os trabalhos se voltam para quest\u00f5es que est\u00e3o afetando diretamente \u00e0 popula\u00e7\u00e3o, como energia el\u00e9trica, \u00e1gua e esgoto. Estes dois \u00faltimos s\u00e3o servi\u00e7os prestados pela Sanesul, cujo contrato de concess\u00e3o se encerra agora, em 2019. \u201cA renova\u00e7\u00e3o passa pela C\u00e2mara e tamb\u00e9m pela popula\u00e7\u00e3o corumbaense\u201d, citou.<\/span><\/p>\n<p><span style=\"color: #000000;\">Evander participou do pleito que elegeu seu sucessor e, nos pr\u00f3ximos dias, vai renunciar ao cargo de vereador, j\u00e1 que no dia 1\u00ba de fevereiro, ele toma posse na Assembleia Legislativa, como deputado Estadual. A sua vaga no Legislativo corumbaense ser\u00e1 ocupada pelo suplemente Jo\u00e3o M\u00e1rio Esteves Lima (PP) que obteve 587 votos na elei\u00e7\u00e3o de 2016.<\/span><\/p>\n<p><span style=\"color: #000000;\">Ele agradeceu todos os vereadores e, mais uma vez, colocou seu gabinete na Capital, \u00e0 disposi\u00e7\u00e3o dos representantes do Poder Legislativo corumbaense. Adiantou que j\u00e1 est\u00e1 trabalhando e, na pr\u00f3xima semana, volta a Campo Grande para tratar de assuntos ligados \u00e0 Corumb\u00e1, principalmente em rela\u00e7\u00e3o \u00e0 sa\u00fade.<\/span><\/p>\n<p><span style=\"color: #000000;\">Lembrou que a Assembleia Legislativa devolveu R$ 11 milh\u00f5es para o Governo no final do ano, e que o secret\u00e1rio estadual de Sa\u00fade, Geraldo Rezende, destinou mais de R$ 3 milh\u00f5es para Dourados, al\u00e9m de outros valores para cidades do estado, deixando Corumb\u00e1 de lado, especialmente o hospital local que tem um d\u00e9ficit de mais de R$ 700 mil mensais e \u00e9 respons\u00e1vel pelo atendimento de mais de 135 mil pessoas (corumbaenses e ladarense), al\u00e9m de cidad\u00e3os bolivianos.<\/span><\/p>\n","protected":false},"excerpt":{"rendered":"<p>Roberto Gomes Fa\u00e7anha \u00e9 o novo presidente da C\u00e2mara Municipal de Corumb\u00e1. Ele comanda a&#8230;<\/p>\n","protected":false},"author":1,"featured_media":27313,"comment_status":"closed","ping_status":"closed","sticky":false,"template":"","format":"standard","meta":{"footnotes":""},"categories":[8,19],"tags":[],"class_list":["post-27312","post","type-post","status-publish","format-standard","has-post-thumbnail","hentry","category-destaque","category-politica"],"_links":{"self":[{"href":"https:\/\/www.corumbaonline.com.br\/news\/wp-json\/wp\/v2\/posts\/27312","targetHints":{"allow":["GET"]}}],"collection":[{"href":"https:\/\/www.corumbaonline.com.br\/news\/wp-json\/wp\/v2\/posts"}],"about":[{"href":"https:\/\/www.corumbaonline.com.br\/news\/wp-json\/wp\/v2\/types\/post"}],"author":[{"embeddable":true,"href":"https:\/\/www.corumbaonline.com.br\/news\/wp-json\/wp\/v2\/users\/1"}],"replies":[{"embeddable":true,"href":"https:\/\/www.corumbaonline.com.br\/news\/wp-json\/wp\/v2\/comments?post=27312"}],"version-history":[{"count":1,"href":"https:\/\/www.corumbaonline.com.br\/news\/wp-json\/wp\/v2\/posts\/27312\/revisions"}],"predecessor-version":[{"id":27314,"href":"https:\/\/www.corumbaonline.com.br\/news\/wp-json\/wp\/v2\/posts\/27312\/revisions\/27314"}],"wp:featuredmedia":[{"embeddable":true,"href":"https:\/\/www.corumbaonline.com.br\/news\/wp-json\/wp\/v2\/media\/27313"}],"wp:attachment":[{"href":"https:\/\/www.corumbaonline.com.br\/news\/wp-json\/wp\/v2\/media?parent=27312"}],"wp:term":[{"taxonomy":"category","embeddable":true,"href":"https:\/\/www.corumbaonline.com.br\/news\/wp-json\/wp\/v2\/categories?post=27312"},{"taxonomy":"post_tag","embeddable":true,"href":"https:\/\/www.corumbaonline.com.br\/news\/wp-json\/wp\/v2\/tags?post=27312"}],"curies":[{"name":"wp","href":"https:\/\/api.w.org\/{rel}","templated":true}]}}