{"id":27317,"date":"2019-01-23T08:08:24","date_gmt":"2019-01-23T11:08:24","guid":{"rendered":"http:\/\/www.corumbaonline.com.br\/news\/?p=27317"},"modified":"2019-01-23T08:29:53","modified_gmt":"2019-01-23T11:29:53","slug":"prefeito-parabeniza-roberto-facanha-e-reafirma-parceria-com-o-legislativo","status":"publish","type":"post","link":"https:\/\/www.corumbaonline.com.br\/news\/prefeito-parabeniza-roberto-facanha-e-reafirma-parceria-com-o-legislativo\/","title":{"rendered":"Prefeito parabeniza Roberto Fa\u00e7anha e reafirma parceria com o Legislativo"},"content":{"rendered":"<p>O prefeito Marcelo Iunes parabenizou nessa ter\u00e7a-feira, 22 de janeiro, o vereador Roberto Fa\u00e7anha pela elei\u00e7\u00e3o para presid\u00eancia da C\u00e2mara de Vereadores de Corumb\u00e1. O prefeito ainda destacou a necess\u00e1ria independ\u00eancia entre os dois Poderes e reafirmou a import\u00e2ncia da parceria entre o Executivo e o Legislativo.<\/p>\n<p>\u201cA C\u00e2mara vem cumprindo seu papel institucional de forma s\u00e9ria e respons\u00e1vel. Isso tem ajudado a Prefeitura a trabalhar em tudo aquilo que pode e vai beneficiar a popula\u00e7\u00e3o corumbaense\u201d, afirmou. \u201cTenho certeza que o bem estar do povo tamb\u00e9m \u00e9 a principal preocupa\u00e7\u00e3o do vereador Fa\u00e7anha e de sua mesa diretora\u201d, completou.<\/p>\n<p>Roberto Gomes Fa\u00e7anha foi eleito por unanimidade nessa ter\u00e7a-feira, 22, para comanda a mesa diretora no bi\u00eanio 2019\/2020, ao lado de Tadeu Vieira, primeiro vice-presidente; Ga\u00facho da Pr\u00f3-Art, segundo vice; Rufo Vinagre, primeiro secret\u00e1rio, e Manoel Rodrigues, segundo Secret\u00e1rio.<\/p>\n<p>A elei\u00e7\u00e3o ocorreu no plen\u00e1rio da Casa do Bar\u00e3o de Vila Maria. Fa\u00e7anha foi eleito por\u00a0\u00a0 unanimidade e assume a vaga deixada pelo vereador Evander Vendramini, que renunciou ao cargo na semana passada (foi eleito deputado estadual). O pleito foi somente para presidente da mesa. Os demais integrantes haviam sido eleitos no final de 2017.<\/p>\n<p>Esta \u00e9 a segunda vez que Fa\u00e7anha preside o Poder Legislativo corumbaense. A primeira foi no bi\u00eanio 2003\/2004. Ele \u00e9 servidor p\u00fablico estadual da AGRAER e cumpre o seu sexto mandato como vereador de Corumb\u00e1. Foi empossado em seguida e j\u00e1 comandou uma sess\u00e3o extraordin\u00e1ria convocada pelo Poder Executivo, que aconteceu logo ap\u00f3s o pleito.<\/p>\n<p>\u201cCorumb\u00e1 vive um grande momento. Hoje, temos um deputado estadual, uma deputada federal, prefeito, governador, todos alinhados. Vamos somar for\u00e7as ao lado de nossos representantes na Capital e em Bras\u00edlia, e trabalhar de forma conjunta, em parceria com a Prefeitura, para ampliar as a\u00e7\u00f5es em benef\u00edcio da nossa popula\u00e7\u00e3o\u201d, enfatizou.<\/p>\n<p>A elei\u00e7\u00e3o do novo presidente da mesa foi convocada na semana passada, durante sess\u00e3o extraordin\u00e1ria, ap\u00f3s pedido de ren\u00fancia de Evander, que comandava a presid\u00eancia da casa pela quarta vez. A convoca\u00e7\u00e3o foi feita pelo vice-presidente da casa, Tadeu Vieira.<\/p>\n<p>Tadeu fez uso da palavra, enalteceu o ato e adiantou que, a partir de agora, os trabalhos se voltam para quest\u00f5es que est\u00e3o afetando diretamente \u00e0 popula\u00e7\u00e3o, como energia el\u00e9trica, \u00e1gua e esgoto. Estes dois \u00faltimos s\u00e3o servi\u00e7os prestados pela Sanesul, cujo contrato de concess\u00e3o se encerra agora, em 2019. \u201cA renova\u00e7\u00e3o passa pela C\u00e2mara e tamb\u00e9m pela popula\u00e7\u00e3o corumbaense\u201d, citou.<\/p>\n<p>Evander participou do pleito que elegeu seu sucessor e, nos pr\u00f3ximos dias, vai renunciar ao cargo de vereador, j\u00e1 que no dia 1\u00ba de fevereiro, ele toma posse na Assembleia Legislativa, como deputado Estadual. A sua vaga no Legislativo corumbaense ser\u00e1 ocupada pelo suplemente Jo\u00e3o M\u00e1rio Esteves Lima (PP) que obteve 587 votos na elei\u00e7\u00e3o de 2016.<\/p>\n<p>Ele agradeceu todos os vereadores e, mais uma vez, colocou seu gabinete na Capital, \u00e0 disposi\u00e7\u00e3o dos representantes do Poder Legislativo corumbaense. Adiantou que j\u00e1 est\u00e1 trabalhando e, na pr\u00f3xima semana, volta a Campo Grande para tratar de assuntos ligados \u00e0 Corumb\u00e1, principalmente em rela\u00e7\u00e3o \u00e0 sa\u00fade.<\/p>\n<p>Lembrou que a Assembleia Legislativa devolveu R$ 11 milh\u00f5es para o Governo no final do ano, e que o secret\u00e1rio estadual de Sa\u00fade, Geraldo Rezende, destinou mais de R$ 3 milh\u00f5es para Dourados, al\u00e9m de outros valores para cidades do estado, deixando Corumb\u00e1 de lado, especialmente o hospital local que tem um d\u00e9ficit de mais de R$ 700 mil mensais e \u00e9 respons\u00e1vel pelo atendimento de mais de 135 mil pessoas (corumbaenses e ladarense), al\u00e9m de cidad\u00e3os bolivianos.\u00a0<em>Com informa\u00e7\u00f5es da Assessoria de Imprensa da C\u00e2mara.<\/em><\/p>\n","protected":false},"excerpt":{"rendered":"<p>O prefeito Marcelo Iunes parabenizou nessa ter\u00e7a-feira, 22 de janeiro, o vereador Roberto Fa\u00e7anha pela&#8230;<\/p>\n","protected":false},"author":1,"featured_media":27318,"comment_status":"closed","ping_status":"closed","sticky":false,"template":"","format":"standard","meta":{"footnotes":""},"categories":[19],"tags":[],"class_list":["post-27317","post","type-post","status-publish","format-standard","has-post-thumbnail","hentry","category-politica"],"_links":{"self":[{"href":"https:\/\/www.corumbaonline.com.br\/news\/wp-json\/wp\/v2\/posts\/27317","targetHints":{"allow":["GET"]}}],"collection":[{"href":"https:\/\/www.corumbaonline.com.br\/news\/wp-json\/wp\/v2\/posts"}],"about":[{"href":"https:\/\/www.corumbaonline.com.br\/news\/wp-json\/wp\/v2\/types\/post"}],"author":[{"embeddable":true,"href":"https:\/\/www.corumbaonline.com.br\/news\/wp-json\/wp\/v2\/users\/1"}],"replies":[{"embeddable":true,"href":"https:\/\/www.corumbaonline.com.br\/news\/wp-json\/wp\/v2\/comments?post=27317"}],"version-history":[{"count":1,"href":"https:\/\/www.corumbaonline.com.br\/news\/wp-json\/wp\/v2\/posts\/27317\/revisions"}],"predecessor-version":[{"id":27319,"href":"https:\/\/www.corumbaonline.com.br\/news\/wp-json\/wp\/v2\/posts\/27317\/revisions\/27319"}],"wp:featuredmedia":[{"embeddable":true,"href":"https:\/\/www.corumbaonline.com.br\/news\/wp-json\/wp\/v2\/media\/27318"}],"wp:attachment":[{"href":"https:\/\/www.corumbaonline.com.br\/news\/wp-json\/wp\/v2\/media?parent=27317"}],"wp:term":[{"taxonomy":"category","embeddable":true,"href":"https:\/\/www.corumbaonline.com.br\/news\/wp-json\/wp\/v2\/categories?post=27317"},{"taxonomy":"post_tag","embeddable":true,"href":"https:\/\/www.corumbaonline.com.br\/news\/wp-json\/wp\/v2\/tags?post=27317"}],"curies":[{"name":"wp","href":"https:\/\/api.w.org\/{rel}","templated":true}]}}