{"id":27339,"date":"2019-01-23T11:48:16","date_gmt":"2019-01-23T14:48:16","guid":{"rendered":"http:\/\/www.corumbaonline.com.br\/news\/?p=27339"},"modified":"2019-01-23T11:53:14","modified_gmt":"2019-01-23T14:53:14","slug":"27339","status":"publish","type":"post","link":"https:\/\/www.corumbaonline.com.br\/news\/27339\/","title":{"rendered":"Vereador de Campo Grande \u00e9 acusado de estuprar garoto de 13 anos"},"content":{"rendered":"<p>Vereador por Campo Grande, Eduardo Romero (Rede) \u00e9 acusado de ter estuprado um garoto de 13 anos em novembro de 2017. O caso, que tramita em segredo de Justi\u00e7a, teria acontecido na casa do vereador e, em depoimento \u00e0 pol\u00edcia, os pais da v\u00edtima afirmaram que o parlamentar teria confessado o crime e justificado dizendo que estava sob efeito de drogas.<\/p>\n<p>De acordo com informa\u00e7\u00f5es do Boletim de Ocorr\u00eancia o abuso teria acontecido no dia 12 de novembro de 2017, no entanto, foi descoberto pela fam\u00edlia somente cinco dias depois. \u00c0 pol\u00edcia, &nbsp;a m\u00e3e do menor de idade contou que desconfiou depois de notar diferen\u00e7a no comportamento do filho que, entre outras coisas, n\u00e3o queria mais ir \u00e0 escola, reclamava de dores de cabe\u00e7a e estava arredio.<\/p>\n<p>Ap\u00f3s conversa, o garoto decidiu contar \u00e0 m\u00e3e sobre o caso. Segundo o menino, no dia do crime ele havia ido at\u00e9 a casa do vereador para ajudar um tio que fazia uma reforma no local. L\u00e1, ele ficou respons\u00e1vel por passar fios para o tio que estava na laje da casa.<\/p>\n<p>Momentos depois, Romero teria chegado ao local e, ao perceber que a v\u00edtima estava sozinha, o chamou para ir at\u00e9 um dos quartos. L\u00e1, o vereador teria pedido para tocar o garoto, mas teve o pedido negado. Mesmo assim, segundo o menino, Eduardo teria abusado sexualmente dele.<\/p>\n<p>Consta no registro da ocorr\u00eancia que depois do estupro o parlamentar ainda teria convidado a v\u00edtima para ir at\u00e9 a resid\u00eancia \u00e0 noite.<\/p>\n<p>Ao saber do fato, o tio do garoto foi at\u00e9 a casa do vereador para tomar satisfa\u00e7\u00e3o. De acordo com ele, inicialmente Romero negou o crime, no entanto, cerca de quinze minutos depois, ligou mandou uma mensagem dizendo que queria conversar com os pais do menor de idade.<\/p>\n<p>Na casa, o parlamentar teria chorado e confessado o crime para os pais, conforme depoimento deles \u00e0 pol\u00edcia. Para justificar, o vereador teria dito que estava sob efeito de drogas. Ele se desculpou, mas, devido ao estado em que o menor de idade estava, os pais decidiram procurar a pol\u00edcia.<\/p>\n<p>O caso foi registrado como estupro de vulner\u00e1vel na Depac (Delegacia de Pronto Atendimento Comunit\u00e1rio) da Piratininga.<\/p>\n<p>Em nota, Eduardo Romero negou o crime e classificou a den\u00fancia como \u201cfalsa e indevida\u201d<\/p>\n<h3><strong>Confira o texto enviado por ele na \u00edntegra<\/strong><\/h3>\n<p><strong>Nota de esclarecimento<\/strong><\/p>\n<p><em>Quanto a acusa\u00e7\u00e3o que est\u00e1 circulando nas redes sociais e imprensa, esclare\u00e7o:<br \/>\nTrata-se de uma acusa\u00e7\u00e3o totalmente falsa e indevida. Estar na pol\u00edtica te transforma em inimigo de muita gente, e n\u00e3o medem esfor\u00e7os para prejudicar e tirar de cena.<\/em><\/p>\n<p><em>A justi\u00e7a est\u00e1 fazendo seu trabalho e em breve teremos as respostas. Confio na Justi\u00e7a e em Deus, e tenho a consci\u00eancia tranquila.<\/em><\/p>\n<p><em>Mas deixo o questionamento: como um processo sigiloso torna-se p\u00fablico gerando preju\u00edzos incalcul\u00e1veis, antes mesmo da decis\u00e3o da pr\u00f3pria Justi\u00e7a? Absurdo.<br \/>\nEduardo Romero<\/em><\/p>\n","protected":false},"excerpt":{"rendered":"<p>Vereador por Campo Grande, Eduardo Romero (Rede) \u00e9 acusado de ter estuprado um garoto de&#8230;<\/p>\n","protected":false},"author":1,"featured_media":0,"comment_status":"closed","ping_status":"closed","sticky":false,"template":"","format":"standard","meta":{"footnotes":""},"categories":[19],"tags":[],"class_list":["post-27339","post","type-post","status-publish","format-standard","hentry","category-politica"],"_links":{"self":[{"href":"https:\/\/www.corumbaonline.com.br\/news\/wp-json\/wp\/v2\/posts\/27339","targetHints":{"allow":["GET"]}}],"collection":[{"href":"https:\/\/www.corumbaonline.com.br\/news\/wp-json\/wp\/v2\/posts"}],"about":[{"href":"https:\/\/www.corumbaonline.com.br\/news\/wp-json\/wp\/v2\/types\/post"}],"author":[{"embeddable":true,"href":"https:\/\/www.corumbaonline.com.br\/news\/wp-json\/wp\/v2\/users\/1"}],"replies":[{"embeddable":true,"href":"https:\/\/www.corumbaonline.com.br\/news\/wp-json\/wp\/v2\/comments?post=27339"}],"version-history":[{"count":2,"href":"https:\/\/www.corumbaonline.com.br\/news\/wp-json\/wp\/v2\/posts\/27339\/revisions"}],"predecessor-version":[{"id":27346,"href":"https:\/\/www.corumbaonline.com.br\/news\/wp-json\/wp\/v2\/posts\/27339\/revisions\/27346"}],"wp:attachment":[{"href":"https:\/\/www.corumbaonline.com.br\/news\/wp-json\/wp\/v2\/media?parent=27339"}],"wp:term":[{"taxonomy":"category","embeddable":true,"href":"https:\/\/www.corumbaonline.com.br\/news\/wp-json\/wp\/v2\/categories?post=27339"},{"taxonomy":"post_tag","embeddable":true,"href":"https:\/\/www.corumbaonline.com.br\/news\/wp-json\/wp\/v2\/tags?post=27339"}],"curies":[{"name":"wp","href":"https:\/\/api.w.org\/{rel}","templated":true}]}}