{"id":27347,"date":"2019-01-23T14:00:12","date_gmt":"2019-01-23T17:00:12","guid":{"rendered":"http:\/\/www.corumbaonline.com.br\/news\/?p=27347"},"modified":"2019-01-23T12:25:04","modified_gmt":"2019-01-23T15:25:04","slug":"imprensa-internacional-ve-oportunidade-perdida-em-discurso-de-bolsonaro","status":"publish","type":"post","link":"https:\/\/www.corumbaonline.com.br\/news\/imprensa-internacional-ve-oportunidade-perdida-em-discurso-de-bolsonaro\/","title":{"rendered":"Imprensa internacional v\u00ea oportunidade perdida em discurso de Bolsonaro"},"content":{"rendered":"<p>O discurso do presidente Jair Bolsonaro no F\u00f3rum Econ\u00f4mico Mundial em Davos\u00a0nesta ter\u00e7a-feira (22\/01) chamou a aten\u00e7\u00e3o da imprensa internacional por sua curta dura\u00e7\u00e3o e pela falta de um conte\u00fado mais aprofundado sobre as plataformas do novo governo.<\/p>\n<p>Ve\u00edculos\u00a0citaram as semelhan\u00e7as entre o brasileiro e o presidente dos EUA, Donald Trump,\u00a0se referindo a Bolsonaro como &#8220;Trump dos tr\u00f3picos&#8221;.<\/p>\n<p>O jornal alem\u00e3o <em>Die Welt<\/em> afirmou que o &#8220;mini-Trump\u00a0brasileiro perdeu uma oportunidade \u00fanica&#8221;. Bolsonaro, diz a publica\u00e7\u00e3o, n\u00e3o tirou os olhos do teleprompter,\u00a0evitando &#8220;deslizes ret\u00f3ricos&#8221;. Mas, como desvantagem de tal estrat\u00e9gia, o jornal aponta que &#8220;nada do que Bolsonaro possa ter em termos de charme, humor ou calor veio \u00e0 tona&#8221;.<\/p>\n<p>O <em>Welt <\/em>avaliou que o presidente\u00a0entregou uma sequ\u00eancia de frases vazias &#8220;em <em>staccato<\/em>&#8220;, que poderiam ter sido tiradas de um guia para o fomento \u00e0 economia local.<\/p>\n<p>Ao citar a curta dura\u00e7\u00e3o da fala do brasileiro, o jornal<em>\u00a0<\/em>mencionou que poucos no audit\u00f3rio n\u00e3o estavam contentes quando ele encerrou o discurso, &#8220;principalmente\u00a0o pr\u00f3prio Bolsonaro&#8221;.<\/p>\n<p>O pouco tempo utilizado por Bolsonaro em Davos tamb\u00e9m foi destacado pelo jornal <em>S\u00fcddeutsche Zeitung,<\/em> que qualificou o discurso de\u00a0&#8220;superficial e surpreendentemente curto&#8221;.<\/p>\n<p>&#8220;Trinta minutos foram reservados para ele, e foi pedido aos jornalistas que chegassem com horas de anteced\u00eancia para garantir um lugar [no audit\u00f3rio]. Nada disso teria sido\u00a0necess\u00e1rio: Bolsonaro sequer precisou de 15 minutos, e a sala n\u00e3o estava cheia&#8221;, afirmou a publica\u00e7\u00e3o.<\/p>\n<p>O di\u00e1rio alem\u00e3o tamb\u00e9m comparou o brasileiro a\u00a0Trump, afirmando que s\u00e3o muitas as semelhan\u00e7as entre ambos e que, nos bastidores do f\u00f3rum, Bolsonaro \u00e9 chamado de\u00a0&#8220;Trump dos tr\u00f3picos&#8221;.<\/p>\n<p>O brit\u00e2nico <em>The Guardian<\/em> destacou em manchete que a estreia de Bolsonaro em Davos foi &#8220;ofuscada pelo crescente esc\u00e2ndalo em torno de seu filho&#8221;,\u00a0o senador eleito Fl\u00e1vio Bolsonaro, desencadeado por opera\u00e7\u00f5es banc\u00e1rias suspeitas envolvendo um ex-assessor.<\/p>\n<p>O jornal afirma que, enquanto o presidente se preparava para subir no palco, surgiam relatos na imprensa brasileira de que seu filho estaria ligado a um &#8220;esquadr\u00e3o da morte chamado de Escrit\u00f3rio do Crime&#8221;.<\/p>\n<p>O esc\u00e2ndalo envolvendo o senador eleito &#8220;contrasta com as afirma\u00e7\u00f5es de Bolsonaro em Davos de que vai liderar uma cruzada contra a corrup\u00e7\u00e3o e o crime organizado&#8221;, diz o <em>Guardian<\/em>. Segundo o jornal, &#8220;observadores pol\u00edticos e membros da plateia ficaram pouco impressionados com a chegada de Bolsonaro ao palco mundial&#8221;.<\/p>\n<p>O<em> The New York Times <\/em>abordou o discurso do presidente brasileiro com a manchete: &#8220;Bolsonaro \u00e9 o rosto do populismo no F\u00f3rum de Davos&#8221;. O jornal americano ressaltou\u00a0que, com a aus\u00eancia de Trump, o brasileiro foi o representante dos populistas no evento.<\/p>\n<p>A publica\u00e7\u00e3o, que tamb\u00e9m menciona o apelido &#8220;Trump dos tr\u00f3picos&#8221;, diz que os dois l\u00edderes se assemelham pelo fato de alegarem ter chegado ao poder apesar de serem em alvo de ataques injustos da imprensa.<\/p>\n<p>Outra semelhan\u00e7a apontada pelo <em>NYT <\/em>\u00e9\u00a0o fato de ambos utilizarem casacos de inverno em salas aquecidas. Trump fez o mesmo recentemente durante uma recep\u00e7\u00e3o na Casa Branca, onde serviu hamb\u00fargueres a uma equipe de futebol americano que o visitou.<\/p>\n<p>&#8220;Assim como Trump fez ao chegar a Davos no ano passado, Bolsonaro tentou suavizar a mensagem insurgente que o levou \u00e0\u00a0presid\u00eancia&#8221;, disse o <em>NYT<\/em>.<\/p>\n<p>&#8220;Com seus instintos nacionalistas, estilo de homem forte e hist\u00f3rico de declara\u00e7\u00f5es duras contra mulheres, gays e grupos ind\u00edgenas, Bolsonaro \u00e9, de v\u00e1rias maneiras, a ant\u00edtese de um &#8216;homem de Davos'&#8221;, afirmou o jornal, em refer\u00eancia ao termo que descreve as personalidades que comparecem ao encontro anual no resort alpino.<\/p>\n<p>O franc\u00eas <em>Le Monde<\/em> avaliou que Bolsonaro &#8220;fez o m\u00ednimo para vender um novo Brasil em Davos&#8221;, com um discurso que &#8220;n\u00e3o ser\u00e1 um marco nos anais [do f\u00f3rum], como foram os de alguns de seus antecessores&#8221;.<\/p>\n<p>O di\u00e1rio afirma que interesse pelo brasileiro foi ampliado pela aus\u00eancia de figuras de maior destaque como Trump, al\u00e9m do presidente da Fran\u00e7a, Emmanuel Macron, e da primeira-ministra brit\u00e2nica, Theresa May, &#8220;todos muito ocupados em administrar crises dom\u00e9sticas&#8221;.<\/p>\n","protected":false},"excerpt":{"rendered":"<p>O discurso do presidente Jair Bolsonaro no F\u00f3rum Econ\u00f4mico Mundial em Davos\u00a0nesta ter\u00e7a-feira (22\/01) chamou&#8230;<\/p>\n","protected":false},"author":1,"featured_media":0,"comment_status":"closed","ping_status":"closed","sticky":false,"template":"","format":"standard","meta":{"footnotes":""},"categories":[15,19],"tags":[],"class_list":["post-27347","post","type-post","status-publish","format-standard","hentry","category-internacional","category-politica"],"_links":{"self":[{"href":"https:\/\/www.corumbaonline.com.br\/news\/wp-json\/wp\/v2\/posts\/27347","targetHints":{"allow":["GET"]}}],"collection":[{"href":"https:\/\/www.corumbaonline.com.br\/news\/wp-json\/wp\/v2\/posts"}],"about":[{"href":"https:\/\/www.corumbaonline.com.br\/news\/wp-json\/wp\/v2\/types\/post"}],"author":[{"embeddable":true,"href":"https:\/\/www.corumbaonline.com.br\/news\/wp-json\/wp\/v2\/users\/1"}],"replies":[{"embeddable":true,"href":"https:\/\/www.corumbaonline.com.br\/news\/wp-json\/wp\/v2\/comments?post=27347"}],"version-history":[{"count":1,"href":"https:\/\/www.corumbaonline.com.br\/news\/wp-json\/wp\/v2\/posts\/27347\/revisions"}],"predecessor-version":[{"id":27348,"href":"https:\/\/www.corumbaonline.com.br\/news\/wp-json\/wp\/v2\/posts\/27347\/revisions\/27348"}],"wp:attachment":[{"href":"https:\/\/www.corumbaonline.com.br\/news\/wp-json\/wp\/v2\/media?parent=27347"}],"wp:term":[{"taxonomy":"category","embeddable":true,"href":"https:\/\/www.corumbaonline.com.br\/news\/wp-json\/wp\/v2\/categories?post=27347"},{"taxonomy":"post_tag","embeddable":true,"href":"https:\/\/www.corumbaonline.com.br\/news\/wp-json\/wp\/v2\/tags?post=27347"}],"curies":[{"name":"wp","href":"https:\/\/api.w.org\/{rel}","templated":true}]}}