{"id":27353,"date":"2019-01-23T15:03:13","date_gmt":"2019-01-23T18:03:13","guid":{"rendered":"http:\/\/www.corumbaonline.com.br\/news\/?p=27353"},"modified":"2019-01-23T14:05:24","modified_gmt":"2019-01-23T17:05:24","slug":"o-elo-entre-flavio-bolsonaro-e-a-milicia-investigada-pela-morte-de-marielle","status":"publish","type":"post","link":"https:\/\/www.corumbaonline.com.br\/news\/o-elo-entre-flavio-bolsonaro-e-a-milicia-investigada-pela-morte-de-marielle\/","title":{"rendered":"O elo entre Fl\u00e1vio Bolsonaro e a mil\u00edcia investigada pela morte de Marielle"},"content":{"rendered":"<p>Raimunda Veras Magalh\u00e3es e Danielle Mendon\u00e7a da Costa da N\u00f3brega. As duas mulheres s\u00e3o o elo entre o senador eleito <strong>Fl\u00e1vio Bolsonaro<\/strong> e o grupo miliciano Escrit\u00f3rio do Crime, um dos mais poderosos do Rio. O grupo \u00e9 tamb\u00e9m suspeito de envolvimento no assassinato de Marielle Franco e Anderson Gomes, em 14 de mar\u00e7o de 2018. Segundo o jornal <em>O Globo<\/em>, Raimunda e Danielle s\u00e3o, respectivamente, m\u00e3e e mulher do capit\u00e3o Adriano Magalh\u00e3es da N\u00f3brega, vulgo Gordinho, tido pelo Minist\u00e9rio P\u00fablico do Rio de Janeiro como uma das lideran\u00e7as do Escrit\u00f3rio do Crime. As duas foram lotadas no gabinete do ent\u00e3o deputado estadual Fl\u00e1vio na Assembleia Legislativa do Rio, mas o filho do presidente diz n\u00e3o ter sido respons\u00e1vel pelas nomea\u00e7\u00f5es.<\/p>\n<p>Adriano, que est\u00e1 foragido, foi um dos alvos da Opera\u00e7\u00e3o Intoc\u00e1veis, realizada nesta ter\u00e7a-feira por uma for\u00e7a-tarefa da Pol\u00edcia Civil e do Minist\u00e9rio P\u00fablico. Foram presos cinco suspeitos de integrar a mil\u00edcia que agia nas comunidades de Rio das Pedras e Muzema. Al\u00e9m do suposto envolvimento no assassinato de Marielle e Anderson, o grupo \u00e9 acusado de extors\u00e3o de moradores e comerciantes, agiotagem, pagamento de propina e grilagem de terras.<\/p>\n<div id=\"elpais_gpt-INTEXT\" data-google-query-id=\"CN2W5J6xhOACFQVrwQodU94DhA\">\n<div id=\"google_ads_iframe_\/7811748\/elpais_web\/brasil\/politica\/intext_0__container__\"><iframe id=\"google_ads_iframe_\/7811748\/elpais_web\/brasil\/politica\/intext_0\" title=\"3rd party ad content\" name=\"google_ads_iframe_\/7811748\/elpais_web\/brasil\/politica\/intext_0\" width=\"1\" height=\"1\" frameborder=\"0\" marginwidth=\"0\" marginheight=\"0\" scrolling=\"no\" data-google-container-id=\"7\" data-load-complete=\"true\" data-mce-fragment=\"1\"><\/iframe><\/div>\n<\/div>\n<p>Entre os detidos esta o major da Pol\u00edcia Militar Ronald Paulo Alves Pereira, vulgo Tartaruga, que ir\u00e1 a j\u00fari popular no caso da chacina da Via Show, ocorrida em 2003. Apesar disso, em 2004 o deputado Fl\u00e1vio Bolsonaro prop\u00f4s uma \u201cmen\u00e7\u00e3o de louvor e congratula\u00e7\u00f5es\u201d ao ent\u00e3o capit\u00e3o Pereira. Adriano tamb\u00e9m foi homenageado. Tanto Ronald como Adriano foram ouvidos em 2018 pela Delegacia de Homic\u00eddios como parte das investiga\u00e7\u00f5es caso Marielle.<\/p>\n<p>Apesar do foco da a\u00e7\u00e3o desta ter\u00e7a ser o combate \u00e0s mil\u00edcias, a opera\u00e7\u00e3o deve desgastar ainda mais o primog\u00eanito do cl\u00e3 Bolsonaro no caso Queiroz. Isso porque, al\u00e9m do parentesco com um suspeito do envolvimento na morte de Marielle e Anderson, Raimunda \u00e9 mencionada no relat\u00f3rio do Conselho de Controle de Atividades Financeiras como sendo respons\u00e1vel por parte dos dep\u00f3sitos feitos na conta do ex-motorista Fabr\u00edcio Queiroz. Ela e Danielle foram exoneradas do gabinete de Fl\u00e1vio em 13 de novembro, segundo consta no Di\u00e1rio Oficial.<\/p>\n<p>Em nota, Fl\u00e1vio afirmou ser &#8220;v\u00edtima de uma campanha difamat\u00f3ria com o objetivo de atingir o Governo de Jair Bolsonaro&#8221;. Segundo ele, &#8220;a funcion\u00e1ria que aparece no relat\u00f3rio do Coaf foi contratada por indica\u00e7\u00e3o do ex-assessor Fabr\u00edcio Queiroz&#8221;. De acordo com o senador, ele n\u00e3o pode &#8220;ser responsabilizado por atos que desconhe\u00e7o&#8221;. Horas depois, o pr\u00f3prio Queiroz confirmou, por meio de nota divulgada por sua defesa, que veio dele a indica\u00e7\u00e3o para a contrata\u00e7\u00e3o, um ato de solidariedade com a fam\u00edlia, \u201cque passava por grande dificuldade, pois \u00e0 \u00e9poca ele [Adriano N\u00f3brega] estava injustamente preso, em raz\u00e3o de um auto de resist\u00eancia\u201d.<\/p>\n<p>N\u00e3o \u00e9 a primeira vez que o cl\u00e3 Bolsonaro se v\u00ea envolvido na discuss\u00e3o sobre mil\u00edcias. Em 2008, \u00e9poca em que ainda era deputado federal, Jair chegou a defender a atua\u00e7\u00e3o destes grupos criminosos no plen\u00e1rio da C\u00e2mara. &#8220;Existe miliciano que n\u00e3o tem nada a ver com &#8216;gatonet&#8217; e venda de g\u00e1s. Como ele ganha 850 reais por m\u00eas, que \u00e9 quanto ganha um soldado da PM ou do bombeiro, e tem a sua pr\u00f3pria arma, ele organiza a seguran\u00e7a na sua comunidade&#8221;, afirmou. Em outra ocasi\u00e3o, naquele mesmo ano, o capit\u00e3o da reserva foi ainda mais direto: \u201cElas oferecem seguran\u00e7a e, desta forma, conseguem manter a ordem e a disciplina nas comunidades. \u00c9 o que se chama de mil\u00edcia. O governo deveria apoi\u00e1-las, j\u00e1 que n\u00e3o consegue combater os traficantes de drogas&#8221;.<\/p>\n<p>Queiroz \u00e9 citado no relat\u00f3rio do Coaf ap\u00f3s ter sido identificada uma movimenta\u00e7\u00e3o at\u00edpica no valor de 1,2 milh\u00e3o de reais em sua conta entre 2016 e 2017, valor incompat\u00edvel com seus vencimentos de assessor parlamentar segundo o \u00f3rg\u00e3o. De acordo com ele, o valor seria fruto de opera\u00e7\u00f5es de compra e venda de carros usados. Depois que o caso veio \u00e0 tona, o ex-motorista de Fl\u00e1vio desapareceu. Segundo o colunista do <em>Globo,<\/em> Lauro Jardim, ele ficou abrigado por duas semanas em uma casa na comunidade Rio das Pedras, onde a mil\u00edcia alvo da Opera\u00e7\u00e3o Intoc\u00e1veis agia.<\/p>\n<p>Nos \u00faltimos dias documentos do Coaf divulgados pelo <em>Jornal Nacional<\/em> apontam que Fl\u00e1vio realizou um pagamento milion\u00e1rio de t\u00edtulo banc\u00e1rio, al\u00e9m de ter recebido 96.000 reais pagos em esp\u00e9cie, em v\u00e1rios dep\u00f3sitos de 2.000 reais. Ele afirma que o t\u00edtulo \u00e9 referente ao pagamento de um im\u00f3vel adquirido na planta, e que os dep\u00f3sitos s\u00e3o fruto da venda de um apartamento &#8211; o comprador, Fl\u00e1vio Guerra, confirma a compra. Segundo ele, a op\u00e7\u00e3o por realizar v\u00e1rios dep\u00f3sitos no caixa eletr\u00f4nico foi feita para evitar &#8220;pegar fila&#8221; na ag\u00eancia banc\u00e1ria.<\/p>\n<p>A reportagem n\u00e3o conseguiu entrar em contato com a defesa dos acusados.<\/p>\n","protected":false},"excerpt":{"rendered":"<p>Raimunda Veras Magalh\u00e3es e Danielle Mendon\u00e7a da Costa da N\u00f3brega. As duas mulheres s\u00e3o o&#8230;<\/p>\n","protected":false},"author":1,"featured_media":0,"comment_status":"closed","ping_status":"closed","sticky":false,"template":"","format":"standard","meta":{"footnotes":""},"categories":[19],"tags":[],"class_list":["post-27353","post","type-post","status-publish","format-standard","hentry","category-politica"],"_links":{"self":[{"href":"https:\/\/www.corumbaonline.com.br\/news\/wp-json\/wp\/v2\/posts\/27353","targetHints":{"allow":["GET"]}}],"collection":[{"href":"https:\/\/www.corumbaonline.com.br\/news\/wp-json\/wp\/v2\/posts"}],"about":[{"href":"https:\/\/www.corumbaonline.com.br\/news\/wp-json\/wp\/v2\/types\/post"}],"author":[{"embeddable":true,"href":"https:\/\/www.corumbaonline.com.br\/news\/wp-json\/wp\/v2\/users\/1"}],"replies":[{"embeddable":true,"href":"https:\/\/www.corumbaonline.com.br\/news\/wp-json\/wp\/v2\/comments?post=27353"}],"version-history":[{"count":1,"href":"https:\/\/www.corumbaonline.com.br\/news\/wp-json\/wp\/v2\/posts\/27353\/revisions"}],"predecessor-version":[{"id":27354,"href":"https:\/\/www.corumbaonline.com.br\/news\/wp-json\/wp\/v2\/posts\/27353\/revisions\/27354"}],"wp:attachment":[{"href":"https:\/\/www.corumbaonline.com.br\/news\/wp-json\/wp\/v2\/media?parent=27353"}],"wp:term":[{"taxonomy":"category","embeddable":true,"href":"https:\/\/www.corumbaonline.com.br\/news\/wp-json\/wp\/v2\/categories?post=27353"},{"taxonomy":"post_tag","embeddable":true,"href":"https:\/\/www.corumbaonline.com.br\/news\/wp-json\/wp\/v2\/tags?post=27353"}],"curies":[{"name":"wp","href":"https:\/\/api.w.org\/{rel}","templated":true}]}}