{"id":27388,"date":"2019-01-24T08:19:10","date_gmt":"2019-01-24T11:19:10","guid":{"rendered":"http:\/\/www.corumbaonline.com.br\/news\/?p=27388"},"modified":"2019-01-24T09:04:22","modified_gmt":"2019-01-24T12:04:22","slug":"na-capital-federal-reinaldo-azambuja-se-reune-com-governadores-do-brasil-central-e-ministros-de-bolsonaro","status":"publish","type":"post","link":"https:\/\/www.corumbaonline.com.br\/news\/na-capital-federal-reinaldo-azambuja-se-reune-com-governadores-do-brasil-central-e-ministros-de-bolsonaro\/","title":{"rendered":"Na Capital Federal, Reinaldo Azambuja se re\u00fane com governadores do Brasil Central e ministros de Bolsonaro"},"content":{"rendered":"<p>O governador Reinaldo Azambuja cumpre extensa agenda de trabalho em Bras\u00edlia (DF) nesta quinta-feira (24). Para tratar de projetos estrat\u00e9gicos para Mato Grosso do Sul, ele vai se reunir com governadores do Brasil Central e ministros do presidente Jair Bolsonaro.<\/p>\n<p>Os compromissos come\u00e7am nas primeiras horas da manh\u00e3 na Confedera\u00e7\u00e3o Nacional do Com\u00e9rcio de Bens, Servi\u00e7os e Turismo (CNC), onde ser\u00e1 realizada a primeira reuni\u00e3o de 2019 do Cons\u00f3rcio Interestadual de Desenvolvimento do Brasil Central.<\/p>\n<p>Junto dos governadores do Distrito Federal, Goi\u00e1s, Mato Grosso, Maranh\u00e3o, Rond\u00f4nia e Tocantins, Reinaldo Azambuja vai definir o novo presidente do bloco e tra\u00e7ar pautas priorit\u00e1rias para 2019.<\/p>\n<p>Criado em 2015, o grupo tem objetivo de fomentar o crescimento individual e regional dos estados participantes. Na primeira reuni\u00e3o do ano, est\u00e3o na pauta temas sobre o mercado comum do Brasil Central; desenvolvimento integrado; competitividade; produtividade; infraestrutura; log\u00edstica; e transportes.<\/p>\n<p><b>Reuni\u00f5es ministeriais<\/b><\/p>\n<p>\u00c0 tarde, o governador de Mato Grosso do Sul tem audi\u00eancia com o ministro-chefe da Casa Civil, Onyx Lorenzoni. Assuntos relacionados \u00e0 reforma da previd\u00eancia social, ao pacto federativo e \u00e0 Lei Kandir, que trata de opera\u00e7\u00f5es relacionadas \u00e0 circula\u00e7\u00e3o de mercadorias e servi\u00e7os, devem entrar em debate.<\/p>\n<p>Em entrevista concedida \u00e0 imprensa nesta semana, Reinaldo Azambuja tamb\u00e9m adiantou temas que ser\u00e3o tratados com os ministros Tarc\u00edsio Freitas (Infraestrutura) e Luiz Henrique Mandetta (Sa\u00fade).<\/p>\n<p>\u201cNo Minist\u00e9rio da Infraestrutura vamos discutir a quest\u00e3o do desenvolvimento: ferrovias e portos. No Minist\u00e9rio da Sa\u00fade, investimentos em equipamento para os hospitais regionais que estamos construindo [em Dourados e Tr\u00eas Lagoas] e que v\u00e3o ficar prontos em breve\u201d, afirmou.<\/p>\n<p>Na sexta-feira (23.1), o chefe do Executivo Estadual continua em Bras\u00edlia para audi\u00eancias no Minist\u00e9rio da Agricultura, Pecu\u00e1ria e Abastecimento (Mapa) e na Secretaria do Tesouro Nacional (STN), do Minist\u00e9rio da Economia.<\/p>\n","protected":false},"excerpt":{"rendered":"<p>O governador Reinaldo Azambuja cumpre extensa agenda de trabalho em Bras\u00edlia (DF) nesta quinta-feira (24)&#8230;.<\/p>\n","protected":false},"author":1,"featured_media":0,"comment_status":"closed","ping_status":"closed","sticky":false,"template":"","format":"standard","meta":{"footnotes":""},"categories":[19],"tags":[],"class_list":["post-27388","post","type-post","status-publish","format-standard","hentry","category-politica"],"_links":{"self":[{"href":"https:\/\/www.corumbaonline.com.br\/news\/wp-json\/wp\/v2\/posts\/27388","targetHints":{"allow":["GET"]}}],"collection":[{"href":"https:\/\/www.corumbaonline.com.br\/news\/wp-json\/wp\/v2\/posts"}],"about":[{"href":"https:\/\/www.corumbaonline.com.br\/news\/wp-json\/wp\/v2\/types\/post"}],"author":[{"embeddable":true,"href":"https:\/\/www.corumbaonline.com.br\/news\/wp-json\/wp\/v2\/users\/1"}],"replies":[{"embeddable":true,"href":"https:\/\/www.corumbaonline.com.br\/news\/wp-json\/wp\/v2\/comments?post=27388"}],"version-history":[{"count":1,"href":"https:\/\/www.corumbaonline.com.br\/news\/wp-json\/wp\/v2\/posts\/27388\/revisions"}],"predecessor-version":[{"id":27389,"href":"https:\/\/www.corumbaonline.com.br\/news\/wp-json\/wp\/v2\/posts\/27388\/revisions\/27389"}],"wp:attachment":[{"href":"https:\/\/www.corumbaonline.com.br\/news\/wp-json\/wp\/v2\/media?parent=27388"}],"wp:term":[{"taxonomy":"category","embeddable":true,"href":"https:\/\/www.corumbaonline.com.br\/news\/wp-json\/wp\/v2\/categories?post=27388"},{"taxonomy":"post_tag","embeddable":true,"href":"https:\/\/www.corumbaonline.com.br\/news\/wp-json\/wp\/v2\/tags?post=27388"}],"curies":[{"name":"wp","href":"https:\/\/api.w.org\/{rel}","templated":true}]}}