{"id":27397,"date":"2019-01-24T10:03:59","date_gmt":"2019-01-24T13:03:59","guid":{"rendered":"http:\/\/www.corumbaonline.com.br\/news\/?p=27397"},"modified":"2019-01-24T11:34:08","modified_gmt":"2019-01-24T14:34:08","slug":"trump-vai-adiar-discurso-sobre-estado-da-uniao","status":"publish","type":"post","link":"https:\/\/www.corumbaonline.com.br\/news\/trump-vai-adiar-discurso-sobre-estado-da-uniao\/","title":{"rendered":"Trump vai adiar discurso sobre Estado da Uni\u00e3o"},"content":{"rendered":"<p>O presidente dos Estados Unidos (EUA), Donald Trump, vai adiar seu discurso sobre o Estado da Uni\u00e3o at\u00e9 que se encerre a paralisa\u00e7\u00e3o parcial do governo, aceitando um pedido dos democratas.<\/p>\n<p>Trump informou, nessa quarta-feira (23), no Twitter que vai proferir o discurso quando a paralisa\u00e7\u00e3o se encerrar. Ele afirmou que n\u00e3o est\u00e1 procurando por um local alternativo porque &#8220;n\u00e3o h\u00e1 lugar que possa competir com a hist\u00f3ria, tradi\u00e7\u00e3o e import\u00e2ncia do plen\u00e1rio da C\u00e2mara&#8221;.<\/p>\n<p>O discurso estava programado para ter\u00e7a-feira da semana que vem. Os presidentes americanos tradicionalmente anunciam suas plataformas pol\u00edticas para o ano que se inicia em um discurso transmitido em rede nacional, proferido na C\u00e2mara dos Representantes.<\/p>\n<p>Entretanto, os democratas pediram que o presidente adie o discurso devido \u00e0 paralisa\u00e7\u00e3o. Mais cedo, na quarta-feira, Trump havia dado a entender que iria considerar um local alternativo para o discurso, ap\u00f3s a presidente da C\u00e2mara, a democrata Nancy Pelosi, se recusar a aprovar uma resolu\u00e7\u00e3o necess\u00e1ria para que Trump fale no Congresso.<\/p>\n<p><strong>Paralisa\u00e7\u00e3o<\/strong><\/p>\n<p>Um alto assessor econ\u00f4mico da Casa Branca adverte que a paralisa\u00e7\u00e3o parcial das fun\u00e7\u00f5es do governo norte-americano poder\u00e1 causar uma estagna\u00e7\u00e3o da economia neste trimestre.<\/p>\n<p>O presidente do Conselho de Assessores Econ\u00f4micos, Kevin Hassett, declarou quarta-feira (23) \u00e0 CNN que se a paralisa\u00e7\u00e3o se estender at\u00e9 mar\u00e7o, o desempenho da economia no primeiro trimestre do ano poder\u00e1 ficar bem pr\u00f3ximo do zero. Descartou, por\u00e9m, o risco de contra\u00e7\u00e3o, argumentando que, uma vez encerrada a paralisa\u00e7\u00e3o, a economia dever\u00e1 se recuperar &#8220;enormemente&#8221;.<\/p>\n<p>Aproximadamente 800 mil funcion\u00e1rios p\u00fablicos federais est\u00e3o parados ou trabalhando sem remunera\u00e7\u00e3o h\u00e1 mais de um m\u00eas, desde que uma disputa or\u00e7ament\u00e1ria causou o fechamento tempor\u00e1rio de algumas reparti\u00e7\u00f5es.<\/p>\n<p>H\u00e1 crescente receio de que o impasse pol\u00edtico venha a jogar \u00e1gua fria nos gastos dos consumidores, at\u00e9 agora robustos. A aus\u00eancia de atividade entre funcion\u00e1rios p\u00fablicos poder\u00e1 retardar a publica\u00e7\u00e3o de dados atualizados sobre o crescimento do Produto Interno Bruto americano, que est\u00e1 programada para quarta-feira da pr\u00f3xima semana.<\/p>\n","protected":false},"excerpt":{"rendered":"<p>O presidente dos Estados Unidos (EUA), Donald Trump, vai adiar seu discurso sobre o Estado&#8230;<\/p>\n","protected":false},"author":1,"featured_media":0,"comment_status":"closed","ping_status":"closed","sticky":false,"template":"","format":"standard","meta":{"footnotes":""},"categories":[15],"tags":[],"class_list":["post-27397","post","type-post","status-publish","format-standard","hentry","category-internacional"],"_links":{"self":[{"href":"https:\/\/www.corumbaonline.com.br\/news\/wp-json\/wp\/v2\/posts\/27397","targetHints":{"allow":["GET"]}}],"collection":[{"href":"https:\/\/www.corumbaonline.com.br\/news\/wp-json\/wp\/v2\/posts"}],"about":[{"href":"https:\/\/www.corumbaonline.com.br\/news\/wp-json\/wp\/v2\/types\/post"}],"author":[{"embeddable":true,"href":"https:\/\/www.corumbaonline.com.br\/news\/wp-json\/wp\/v2\/users\/1"}],"replies":[{"embeddable":true,"href":"https:\/\/www.corumbaonline.com.br\/news\/wp-json\/wp\/v2\/comments?post=27397"}],"version-history":[{"count":1,"href":"https:\/\/www.corumbaonline.com.br\/news\/wp-json\/wp\/v2\/posts\/27397\/revisions"}],"predecessor-version":[{"id":27403,"href":"https:\/\/www.corumbaonline.com.br\/news\/wp-json\/wp\/v2\/posts\/27397\/revisions\/27403"}],"wp:attachment":[{"href":"https:\/\/www.corumbaonline.com.br\/news\/wp-json\/wp\/v2\/media?parent=27397"}],"wp:term":[{"taxonomy":"category","embeddable":true,"href":"https:\/\/www.corumbaonline.com.br\/news\/wp-json\/wp\/v2\/categories?post=27397"},{"taxonomy":"post_tag","embeddable":true,"href":"https:\/\/www.corumbaonline.com.br\/news\/wp-json\/wp\/v2\/tags?post=27397"}],"curies":[{"name":"wp","href":"https:\/\/api.w.org\/{rel}","templated":true}]}}