{"id":27579,"date":"2019-01-28T12:00:18","date_gmt":"2019-01-28T15:00:18","guid":{"rendered":"http:\/\/www.corumbaonline.com.br\/news\/?p=27579"},"modified":"2019-01-28T16:01:31","modified_gmt":"2019-01-28T19:01:31","slug":"maduro-comanda-exercicios-militares-e-indica-que-quer-se-manter-no-pod","status":"publish","type":"post","link":"https:\/\/www.corumbaonline.com.br\/news\/maduro-comanda-exercicios-militares-e-indica-que-quer-se-manter-no-pod\/","title":{"rendered":"Maduro comanda exerc\u00edcios militares e indica que quer se manter no poder"},"content":{"rendered":"<p>Ao comandar exerc\u00edcios militares, o presidente da Venezuela, Nicol\u00e1s Maduro, demonstrou que est\u00e1 disposto a continuar no poder e n\u00e3o atender \u00e0 manifesta\u00e7\u00e3o feita por parte da comunidade internacional para reconhecer a legitimidade de\u00a0<a href=\"http:\/\/agenciabrasil.ebc.com.br\/internacional\/noticia\/2019-01\/adido-militar-rompe-com-maduro-e-declara-apoio-guaido\" target=\"_blank\" rel=\"noopener\">Juan Guaid\u00f3<\/a>\u00a0como interino e promover novas elei\u00e7\u00f5es no pa\u00eds.<\/p>\n<p>&#8220;Estamos preparando os exerc\u00edcios mais importantes da hist\u00f3ria da Venezuela porque vamos demonstrar o poder militar de For\u00e7as Armadas com capacidade operacional, combate e defesa&#8221;, disse o presidente que \u00e9 tamb\u00e9m o comandante-em-chefe do Ex\u00e9rcito.<\/p>\n<p>Os exerc\u00edcios militares foram realizados ontem (27) em Fuerte Paramacay, na regi\u00e3o de \u00a0Naguanagua, no estado de Carabobo, sob comando de Maduro. O venezuelano promete repetir as atividades at\u00e9 fevereiro.<\/p>\n<p><strong>Europeus<\/strong><\/p>\n<p>No \u00faltimo dia 26, os governos da\u00a0<a href=\"http:\/\/agenciabrasil.ebc.com.br\/internacional\/noticia\/2019-01\/franca-espanha-e-alemanha-exigem-que-maduro-convoque-eleicoes\" target=\"_blank\" rel=\"noopener\">Espanha, Alemanha e da Fran\u00e7a<\/a>\u00a0se manifestaram a favor de Juan Guaid\u00f3, presidente da Assembleia Nacional da Venezuela que se autoproclamou presidente interino do pa\u00eds em substitui\u00e7\u00e3o a Nicol\u00e1s Maduro.<\/p>\n<p>Pelo Twitter, o presidente franc\u00eas, Emmanuel Macron, declarou\u00a0que a \u201co povo venezuelano deve decidir livremente seu futuro\u201d, e que a Fran\u00e7a pode reconhecer Guaid\u00f3 como presidente enquanto n\u00e3o s\u00e3o realizadas novas elei\u00e7\u00f5es para resolver o impasse pol\u00edtico na Venezuela.<\/p>\n<p>Em pronunciamento oficial, o primeiro-ministro da Espanha (presidente de governo), Pedro S\u00e1nchez, estabeleceu prazo de oito dias\u00a0para que Maduro convoque \u201celei\u00e7\u00f5es justas, livres, transparentes e democr\u00e1ticas\u201d.<\/p>\n<p>Segundo a porta-voz do governo alem\u00e3o, Martina Fietz, &#8220;se as elei\u00e7\u00f5es n\u00e3o forem anunciadas no prazo de oito dias, a Alemanha\u00a0est\u00e1 pronta para reconhecer\u00a0Juan Guaido como presidente interino\u201d.<\/p>\n<p>Durante a semana, a Uni\u00e3o Europeia j\u00e1 havia manifestado apoio \u00e0s novas elei\u00e7\u00f5es e \u00e0 Assembleia Nacional da Venezuela. Brasil, Argentina, Col\u00f4mbia, Canad\u00e1 e Estados Unidos j\u00e1 reconheceram Guaid\u00f3 como presidente.<\/p>\n<p><strong>Papa<\/strong><\/p>\n<p>Ontem (27), o papa Francisco, que participa da Jornada Mundial da Juventude (JMJ) no Panam\u00e1, pediu que seja tomada uma solu\u00e7\u00e3o justa e pac\u00edfica para a crise na Veneuzuela.<\/p>\n<p>&#8220;Aqui no Panam\u00e1, tenho pensado muito sobre o povo venezuelano, a quem me sinto particularmente unido ultimamente&#8221;, afirmou o papa. \u201cPe\u00e7o ao Senhor que busque e alcance uma solu\u00e7\u00e3o justa e pac\u00edfica para superar a crise, respeitando os direitos humanos e desejando exclusivamente o bem de todos os habitantes do pa\u00eds.&#8221;<\/p>\n<p><strong>Aliados de Maduro<\/strong><\/p>\n<p>M\u00e9xico, Cuba, Ir\u00e3 e Turquia declararam apoio a Maduro. R\u00fassia e China divulgaram manifesta\u00e7\u00f5es incisivas contra qualquer intromiss\u00e3o externa na pol\u00edtica venezuelana.<\/p>\n<p>Maduro governa a Venezuela desde 2013, foi reeleito em pleito em 2018 sob suspei\u00e7\u00e3o. Ele diz que h\u00e1 um \u00a0\u201cgolpe midi\u00e1tico\u201d contra a Venezuela, promovido pelos Estados Unidos.<\/p>\n","protected":false},"excerpt":{"rendered":"<p>Ao comandar exerc\u00edcios militares, o presidente da Venezuela, Nicol\u00e1s Maduro, demonstrou que est\u00e1 disposto a&#8230;<\/p>\n","protected":false},"author":1,"featured_media":0,"comment_status":"closed","ping_status":"closed","sticky":false,"template":"","format":"standard","meta":{"footnotes":""},"categories":[15],"tags":[],"class_list":["post-27579","post","type-post","status-publish","format-standard","hentry","category-internacional"],"_links":{"self":[{"href":"https:\/\/www.corumbaonline.com.br\/news\/wp-json\/wp\/v2\/posts\/27579","targetHints":{"allow":["GET"]}}],"collection":[{"href":"https:\/\/www.corumbaonline.com.br\/news\/wp-json\/wp\/v2\/posts"}],"about":[{"href":"https:\/\/www.corumbaonline.com.br\/news\/wp-json\/wp\/v2\/types\/post"}],"author":[{"embeddable":true,"href":"https:\/\/www.corumbaonline.com.br\/news\/wp-json\/wp\/v2\/users\/1"}],"replies":[{"embeddable":true,"href":"https:\/\/www.corumbaonline.com.br\/news\/wp-json\/wp\/v2\/comments?post=27579"}],"version-history":[{"count":2,"href":"https:\/\/www.corumbaonline.com.br\/news\/wp-json\/wp\/v2\/posts\/27579\/revisions"}],"predecessor-version":[{"id":27598,"href":"https:\/\/www.corumbaonline.com.br\/news\/wp-json\/wp\/v2\/posts\/27579\/revisions\/27598"}],"wp:attachment":[{"href":"https:\/\/www.corumbaonline.com.br\/news\/wp-json\/wp\/v2\/media?parent=27579"}],"wp:term":[{"taxonomy":"category","embeddable":true,"href":"https:\/\/www.corumbaonline.com.br\/news\/wp-json\/wp\/v2\/categories?post=27579"},{"taxonomy":"post_tag","embeddable":true,"href":"https:\/\/www.corumbaonline.com.br\/news\/wp-json\/wp\/v2\/tags?post=27579"}],"curies":[{"name":"wp","href":"https:\/\/api.w.org\/{rel}","templated":true}]}}