{"id":27938,"date":"2019-02-06T09:03:30","date_gmt":"2019-02-06T12:03:30","guid":{"rendered":"http:\/\/www.corumbaonline.com.br\/news\/?p=27938"},"modified":"2019-02-06T10:00:54","modified_gmt":"2019-02-06T13:00:54","slug":"exoneracao-do-ministro-do-turismo-e-publicada-no-diario-oficial","status":"publish","type":"post","link":"https:\/\/www.corumbaonline.com.br\/news\/exoneracao-do-ministro-do-turismo-e-publicada-no-diario-oficial\/","title":{"rendered":"Exonera\u00e7\u00e3o do ministro do Turismo \u00e9 publicada no Di\u00e1rio Oficial"},"content":{"rendered":"<p>A edi\u00e7\u00e3o desta quarta-feira (6) do\u00a0<em>Di\u00e1rio Oficial da Uni\u00e3o<\/em>\u00a0traz publicada a\u00a0<a href=\"http:\/\/www.in.gov.br\/materia\/-\/asset_publisher\/Kujrw0TZC2Mb\/content\/id\/62191272\" target=\"_blank\" rel=\"noopener\">exonera\u00e7\u00e3o\u00a0<\/a>do ministro do Turismo, Marcelo \u00c1lvaro Ant\u00f4nio. O decreto \u00e9 assinado pelo presidente Jair Bolsonaro. No texto, est\u00e1 escrito Marcelo Henrique Teixeira Dias, nome de batismo do ex-ministro.<\/p>\n<p>Reportagem do jornal\u00a0<em>Folha de S.Paulo<\/em>aponta Marcelo Ant\u00f4nio como integrante de um esquema irregular para lan\u00e7ar candidatos &#8220;laranjas&#8221;, nas elei\u00e7\u00f5es, e assim desviar verbas eleitorais do Fundo Partid\u00e1rio, beneficiando-se do sistema.<\/p>\n<p>Reeleito por Minas Gerais, Marcelo Ant\u00f4nio foi o deputado federal mais votado do estado. H\u00e1 dois dias, na sua conta no Twitter, ele negou qualquer tipo de irregularidade.<\/p>\n<p>\u201cRefor\u00e7o que a distribui\u00e7\u00e3o do Fundo Partid\u00e1rio do PSL cumpriu rigorosamente o que determina a lei. Todas as contrata\u00e7\u00f5es da minha campanha foram aprovadas pela Justi\u00e7a Eleitoral\u201d, disse Marcelo Ant\u00f4nio, na mensagem publicada na segunda-feira (4). &#8220;Sou o alvo de uma mat\u00e9ria que deturpa os fatos e traz den\u00fancias vazias sobre nossa campanha em Minas Gerais\u201d, afirmou em outra mensagem.<\/p>\n","protected":false},"excerpt":{"rendered":"<p>A edi\u00e7\u00e3o desta quarta-feira (6) do\u00a0Di\u00e1rio Oficial da Uni\u00e3o\u00a0traz publicada a\u00a0exonera\u00e7\u00e3o\u00a0do ministro do Turismo, Marcelo&#8230;<\/p>\n","protected":false},"author":1,"featured_media":27939,"comment_status":"closed","ping_status":"closed","sticky":false,"template":"","format":"standard","meta":{"footnotes":""},"categories":[19,23],"tags":[],"class_list":["post-27938","post","type-post","status-publish","format-standard","has-post-thumbnail","hentry","category-politica","category-turismo"],"_links":{"self":[{"href":"https:\/\/www.corumbaonline.com.br\/news\/wp-json\/wp\/v2\/posts\/27938","targetHints":{"allow":["GET"]}}],"collection":[{"href":"https:\/\/www.corumbaonline.com.br\/news\/wp-json\/wp\/v2\/posts"}],"about":[{"href":"https:\/\/www.corumbaonline.com.br\/news\/wp-json\/wp\/v2\/types\/post"}],"author":[{"embeddable":true,"href":"https:\/\/www.corumbaonline.com.br\/news\/wp-json\/wp\/v2\/users\/1"}],"replies":[{"embeddable":true,"href":"https:\/\/www.corumbaonline.com.br\/news\/wp-json\/wp\/v2\/comments?post=27938"}],"version-history":[{"count":1,"href":"https:\/\/www.corumbaonline.com.br\/news\/wp-json\/wp\/v2\/posts\/27938\/revisions"}],"predecessor-version":[{"id":27940,"href":"https:\/\/www.corumbaonline.com.br\/news\/wp-json\/wp\/v2\/posts\/27938\/revisions\/27940"}],"wp:featuredmedia":[{"embeddable":true,"href":"https:\/\/www.corumbaonline.com.br\/news\/wp-json\/wp\/v2\/media\/27939"}],"wp:attachment":[{"href":"https:\/\/www.corumbaonline.com.br\/news\/wp-json\/wp\/v2\/media?parent=27938"}],"wp:term":[{"taxonomy":"category","embeddable":true,"href":"https:\/\/www.corumbaonline.com.br\/news\/wp-json\/wp\/v2\/categories?post=27938"},{"taxonomy":"post_tag","embeddable":true,"href":"https:\/\/www.corumbaonline.com.br\/news\/wp-json\/wp\/v2\/tags?post=27938"}],"curies":[{"name":"wp","href":"https:\/\/api.w.org\/{rel}","templated":true}]}}