{"id":27950,"date":"2019-02-06T10:04:13","date_gmt":"2019-02-06T13:04:13","guid":{"rendered":"http:\/\/www.corumbaonline.com.br\/news\/?p=27950"},"modified":"2019-02-06T11:41:11","modified_gmt":"2019-02-06T14:41:11","slug":"trump-pede-dialogo-confirma-muro-e-encontro-com-kim-jong-un","status":"publish","type":"post","link":"https:\/\/www.corumbaonline.com.br\/news\/trump-pede-dialogo-confirma-muro-e-encontro-com-kim-jong-un\/","title":{"rendered":"Trump pede di\u00e1logo, confirma muro e encontro com Kim Jong-un"},"content":{"rendered":"<p>Em discurso no Congresso, o presidente dos Estados Unidos (EUA), Donald Trump, apelou por um compromisso entre democratas e republicanos em prol do bem comum, \u00a0reiterou a constru\u00e7\u00e3o do muro na fronteira com o M\u00e9xico e criticou as investiga\u00e7\u00f5es contra ele. Trump tamb\u00e9m anunciou um segundo encontro com o l\u00edder norte-coreano, Kim Jong-un, no fim deste m\u00eas. \u00a0&#8220;Devemos rejeitar as pol\u00edticas de vingan\u00e7a e retalia\u00e7\u00e3o e abra\u00e7ar o potencial ilimitado de coopera\u00e7\u00e3o, compromisso e bem comum&#8221;, destacou Trump ao mencionar o esfor\u00e7o comum para eliminar diferen\u00e7as partid\u00e1rias.<\/p>\n<p><strong>Cr\u00edticas<\/strong><\/p>\n<p>O presidente norte-americano criticou as apura\u00e7\u00f5es em curso contra ele, classificando-as de &#8220;investiga\u00e7\u00f5es rid\u00edculas por motiva\u00e7\u00f5es partid\u00e1rias&#8221; que podem afetar o progresso econ\u00f4mico do pa\u00eds. &#8220;Se deve haver paz e legisla\u00e7\u00e3o, n\u00e3o pode haver guerra e investiga\u00e7\u00e3o&#8221;, afirmou.<\/p>\n<p>O discurso de Trump foi acompanhado de perto pela presidente da C\u00e2mara dos Representantes, Nancy Pelosi, que \u00e9 de oposi\u00e7\u00e3o ao governo, e o vice-presidente da Rep\u00fablica, Mike Pence, al\u00e9m dos parlamentares presentes. O novo Congresso re\u00fane 131 mulheres, o maior n\u00famero da hist\u00f3ria, Trump citou esse fato.<\/p>\n<p><strong>Coreia do Norte<\/strong><\/p>\n<p>O presidente dos EUA disse que se reunir\u00e1 com o l\u00edder \u00a0norte-coreano, Kim Jong-un, nos dias 27 e\u00a0<span id=\"OBJ_PREFIX_DWT786_com_zimbra_date\" role=\"link\">28 de fevereiro<\/span>\u00a0no Vietn\u00e3. \u201c[O encontro faz] parte de uma nova e ousada diplomacia, continuamos nosso esfor\u00e7o hist\u00f3rico pela paz na Pen\u00ednsula Coreana.&#8221;<\/p>\n<p>&#8220;Muito trabalho ainda precisa ser feito, mas meu relacionamento com Kim Jong-un \u00e9 bom. O presidente Kim e eu nos encontraremos novamente nos dias 27 e\u00a0<span id=\"OBJ_PREFIX_DWT787_com_zimbra_date\" role=\"link\">28 de fevereiro<\/span>\u00a0no Vietn\u00e3&#8221;, afirmou no discurso.<\/p>\n<p>O Departamento de Estado norte-americano informou anteontem (3) que Stephen Biegun, representante especial dos Estados Unidos para assuntos relacionados \u00e0 RPDC, iria viajar para Pyongyang\u00a0<span id=\"OBJ_PREFIX_DWT788_com_zimbra_date\" role=\"link\">hoje<\/span>\u00a0(6),\u00a0 para reuni\u00f5es com Kim Hyok Chol, representante norte-coreano, a fim de lan\u00e7ar as bases para a\u00a0<span id=\"OBJ_PREFIX_DWT789_com_zimbra_date\" role=\"link\">segunda<\/span>\u00a0c\u00fapula Trump-Kim.<\/p>\n<p>A m\u00eddia norte-americana informou que a localiza\u00e7\u00e3o espec\u00edfica da\u00a0<span id=\"OBJ_PREFIX_DWT790_com_zimbra_date\" role=\"link\">segunda<\/span>\u00a0reuni\u00e3o entre os dois presidedntes seria discutida durante a viagem de Biegun \u00e0 Coreia do Norte e anunciada posteriormente.<\/p>\n<p><strong>Primeiro encontro<\/strong><\/p>\n<p>Trump reuniu-se com Kim Jong-un pela primeira vez em Cingapura em\u00a0<span id=\"OBJ_PREFIX_DWT791_com_zimbra_date\" role=\"link\">12 de junho<\/span>, negociando v\u00e1rios acordos para a melhoria das rela\u00e7\u00f5es entre os Estados Unidos e a Coreia do Norte. Por\u00e9m, as diferen\u00e7as entre os dois lados permanecem sobre quest\u00f5es-chave, incluindo a escala da desnucleariza\u00e7\u00e3o, as san\u00e7\u00f5es norte-americanas e a emiss\u00e3o de uma declara\u00e7\u00e3o de fim de guerra.<\/p>\n<p>Na viagem que fez \u00e0 China, de 7 a\u00a0<span id=\"OBJ_PREFIX_DWT792_com_zimbra_date\" role=\"link\">10 de janeiro<\/span>, Kim Jong-un disse que Pyongyang far\u00e1 esfor\u00e7os para a\u00a0<span id=\"OBJ_PREFIX_DWT793_com_zimbra_date\" role=\"link\">segunda<\/span>\u00a0c\u00fapula entre a Coreia do Norte e os l\u00edderes norte-americanos, com o objetivo de alcan\u00e7ar resultados que ser\u00e3o bem recebidos pela comunidade internacional.<\/p>\n","protected":false},"excerpt":{"rendered":"<p>Em discurso no Congresso, o presidente dos Estados Unidos (EUA), Donald Trump, apelou por um&#8230;<\/p>\n","protected":false},"author":1,"featured_media":0,"comment_status":"closed","ping_status":"closed","sticky":false,"template":"","format":"standard","meta":{"footnotes":""},"categories":[15],"tags":[],"class_list":["post-27950","post","type-post","status-publish","format-standard","hentry","category-internacional"],"_links":{"self":[{"href":"https:\/\/www.corumbaonline.com.br\/news\/wp-json\/wp\/v2\/posts\/27950","targetHints":{"allow":["GET"]}}],"collection":[{"href":"https:\/\/www.corumbaonline.com.br\/news\/wp-json\/wp\/v2\/posts"}],"about":[{"href":"https:\/\/www.corumbaonline.com.br\/news\/wp-json\/wp\/v2\/types\/post"}],"author":[{"embeddable":true,"href":"https:\/\/www.corumbaonline.com.br\/news\/wp-json\/wp\/v2\/users\/1"}],"replies":[{"embeddable":true,"href":"https:\/\/www.corumbaonline.com.br\/news\/wp-json\/wp\/v2\/comments?post=27950"}],"version-history":[{"count":1,"href":"https:\/\/www.corumbaonline.com.br\/news\/wp-json\/wp\/v2\/posts\/27950\/revisions"}],"predecessor-version":[{"id":27951,"href":"https:\/\/www.corumbaonline.com.br\/news\/wp-json\/wp\/v2\/posts\/27950\/revisions\/27951"}],"wp:attachment":[{"href":"https:\/\/www.corumbaonline.com.br\/news\/wp-json\/wp\/v2\/media?parent=27950"}],"wp:term":[{"taxonomy":"category","embeddable":true,"href":"https:\/\/www.corumbaonline.com.br\/news\/wp-json\/wp\/v2\/categories?post=27950"},{"taxonomy":"post_tag","embeddable":true,"href":"https:\/\/www.corumbaonline.com.br\/news\/wp-json\/wp\/v2\/tags?post=27950"}],"curies":[{"name":"wp","href":"https:\/\/api.w.org\/{rel}","templated":true}]}}