{"id":28105,"date":"2019-02-09T10:22:00","date_gmt":"2019-02-09T13:22:00","guid":{"rendered":"http:\/\/www.corumbaonline.com.br\/news\/?p=28105"},"modified":"2019-02-09T10:18:18","modified_gmt":"2019-02-09T13:18:18","slug":"trump-e-kim-jong-un-reunem-se-no-fim-do-mes-no-vietna","status":"publish","type":"post","link":"https:\/\/www.corumbaonline.com.br\/news\/trump-e-kim-jong-un-reunem-se-no-fim-do-mes-no-vietna\/","title":{"rendered":"Trump e Kim Jong-un re\u00fanem-se no fim do m\u00eas no Vietn\u00e3"},"content":{"rendered":"<p>O presidente americano, Donald Trump, e o l\u00edder norte-coreano, Kim Jong-un, v\u00e3o se reunir nos dias 27 e 28 deste m\u00eas em Han\u00f3i, capital do Vietn\u00e3.<\/p>\n<p>O an\u00fancio foi feito por Trump no Twitter, ap\u00f3s visita a Pyongyang esta semana do representante especial dos Estados Unidos para a Coreia do Norte, Stephen Biegun. Ele se reuniu com a autoridade correspondente norte-coreana, em um encontro que, segundo o presidente norte-americano, foi bastante produtivo. Trump disse que espera que a reuni\u00e3o comKim Jong-un possibilite o &#8220;avan\u00e7o da causa pela paz&#8221;.<\/p>\n<p>&#8220;My representatives have just left North Korea after a very productive meeting and an agreed upon time and date for the second Summit with Kim Jong Un. It will take place in Hanoi, Vietnam, on February 27 &amp; 28. I look forward to seeing Chairman Kim &amp; advancing the cause of peace!&#8221;<\/p>\n<p>No Twitter, Trump escreveu ainda que a Coreia do Norte, sob a lideran\u00e7a de Kim Jong-un, vai se tornar uma grande pot\u00eancia econ\u00f4mica.<\/p>\n<p>O Vietn\u00e3 foi escolhido por ser um local relativamente neutro para as duas partes. A Coreia do Norte tem tradicionalmente mantido rela\u00e7\u00f5es estreitas com o pa\u00eds. J\u00e1 os Estados Unidos reataram oficialmente os la\u00e7os diplom\u00e1ticos com o Vietn\u00e3\u00a0em 1995, depois de d\u00e9cadas de tens\u00f5es.<\/p>\n<p>A primeira c\u00fapula entre Estados Unidos e Coreia do Norte,\u00a0no ano passado, terminou com uma vaga promessa de Pyongyang pela desnucleariza\u00e7\u00e3o, mas os di\u00e1logos ficaram paralisados. A Coreia do Norte quer o fim das san\u00e7\u00f5es em resposta aos esfor\u00e7os do pa\u00eds, enquanto os Estados Unidos afirmam que primeiramente querem verificar um progresso concreto.<\/p>\n<p><em>*Com informa\u00e7\u00f5es da NHK (emissora p\u00fablica de televis\u00e3o do Jap\u00e3o)<\/em><\/p>\n<div class=\"edicao\"><\/div>\n","protected":false},"excerpt":{"rendered":"<p>O presidente americano, Donald Trump, e o l\u00edder norte-coreano, Kim Jong-un, v\u00e3o se reunir nos&#8230;<\/p>\n","protected":false},"author":1,"featured_media":0,"comment_status":"closed","ping_status":"closed","sticky":false,"template":"","format":"standard","meta":{"footnotes":""},"categories":[15],"tags":[],"class_list":["post-28105","post","type-post","status-publish","format-standard","hentry","category-internacional"],"_links":{"self":[{"href":"https:\/\/www.corumbaonline.com.br\/news\/wp-json\/wp\/v2\/posts\/28105","targetHints":{"allow":["GET"]}}],"collection":[{"href":"https:\/\/www.corumbaonline.com.br\/news\/wp-json\/wp\/v2\/posts"}],"about":[{"href":"https:\/\/www.corumbaonline.com.br\/news\/wp-json\/wp\/v2\/types\/post"}],"author":[{"embeddable":true,"href":"https:\/\/www.corumbaonline.com.br\/news\/wp-json\/wp\/v2\/users\/1"}],"replies":[{"embeddable":true,"href":"https:\/\/www.corumbaonline.com.br\/news\/wp-json\/wp\/v2\/comments?post=28105"}],"version-history":[{"count":1,"href":"https:\/\/www.corumbaonline.com.br\/news\/wp-json\/wp\/v2\/posts\/28105\/revisions"}],"predecessor-version":[{"id":28106,"href":"https:\/\/www.corumbaonline.com.br\/news\/wp-json\/wp\/v2\/posts\/28105\/revisions\/28106"}],"wp:attachment":[{"href":"https:\/\/www.corumbaonline.com.br\/news\/wp-json\/wp\/v2\/media?parent=28105"}],"wp:term":[{"taxonomy":"category","embeddable":true,"href":"https:\/\/www.corumbaonline.com.br\/news\/wp-json\/wp\/v2\/categories?post=28105"},{"taxonomy":"post_tag","embeddable":true,"href":"https:\/\/www.corumbaonline.com.br\/news\/wp-json\/wp\/v2\/tags?post=28105"}],"curies":[{"name":"wp","href":"https:\/\/api.w.org\/{rel}","templated":true}]}}