{"id":28186,"date":"2019-02-11T16:36:57","date_gmt":"2019-02-11T19:36:57","guid":{"rendered":"http:\/\/www.corumbaonline.com.br\/news\/?p=28186"},"modified":"2019-02-11T16:21:58","modified_gmt":"2019-02-11T19:21:58","slug":"conferencia-de-munique-ve-ordem-liberal-mundial-ameacada","status":"publish","type":"post","link":"https:\/\/www.corumbaonline.com.br\/news\/conferencia-de-munique-ve-ordem-liberal-mundial-ameacada\/","title":{"rendered":"Confer\u00eancia de Munique v\u00ea ordem liberal mundial amea\u00e7ada"},"content":{"rendered":"<p>O mundo est\u00e1 em crise, e os Estados Unidos s\u00f3 est\u00e3o tornando a situa\u00e7\u00e3o ainda pior: essa \u00e9, em resumo, a conclus\u00e3o do relat\u00f3rio apresentado nesta segunda-feira (11\/02) pela Confer\u00eancia de Seguran\u00e7a de Munique (MSC), pouco antes do in\u00edcio do evento anual que re\u00fane representantes das maiores pot\u00eancias mundiais na capital da Baviera.<\/p>\n<p>Na edi\u00e7\u00e3o deste ano dever\u00e3o estar presentes o vice-presidente dos Estados Unidos, Mike Pence, o ministro russo do Exterior, Serguei Lavrov, e a chanceler federal da Alemanha, Angela Merkel.<\/p>\n<p>&#8220;Uma nova era de grandes disputas de poder est\u00e1 se desenrolando entre Estados Unidos, China e R\u00fassia, acompanhada de certo v\u00e1cuo de lideran\u00e7a naquilo que se tornou conhecido como a ordem liberal internacional&#8221;, escreveu na introdu\u00e7\u00e3o do relat\u00f3rio o chefe da MSC, Wolfgang Ischinger, um veterano diplomata e ex-embaixador da Alemanha nos EUA.<\/p>\n<p>Ao menos uma das fontes dessa instabilidade est\u00e1 clara:\u00a0o\u00a0governo do presidente americano, Donald Trump, demonstra pouco interesse em preservar acordos internacionais. Suas declara\u00e7\u00f5es no Twitter costumam questionar abertamente institui\u00e7\u00f5es como a Otan e a ONU. Pior ainda: sob Trump, os EUA parecem prontos para abrir m\u00e3o de seu papel de pot\u00eancia l\u00edder no que se costuma chamar de &#8220;o mundo livre&#8221;.<\/p>\n<p>Em Munique, Ischinger disse que queria mencionar primeiramente\u00a0a\u00a0&#8220;boa\u00a0not\u00edcia&#8221;: apesar de muitos &#8220;pontos de interroga\u00e7\u00e3o&#8221; no que diz respeito \u00e0s rela\u00e7\u00f5es transatl\u00e2nticas, ele considera um sinal extremamente positivo que um n\u00famero duas ou tr\u00eas vezes maior de parlamentares americanos dever\u00e1 comparecer \u00e0 confer\u00eancia deste ano.<\/p>\n<p>Ele ressaltou, em particular, a presen\u00e7a da l\u00edder democrata na C\u00e2mara dos Representantes, Nancy Pelosi, e do senador e ex-candidato \u00e0 presid\u00eancia pelo Partido Republicano Mitt Romney<\/p>\n<p>O relat\u00f3rio acusa Trump de demonstrar um &#8220;entusiasmo irritante em rela\u00e7\u00e3o aos autocratas\u00a0de\u00a0todo o globo&#8221;, sugerindo que seu governo estaria vivendo num mundo &#8220;p\u00f3s-direitos humanos&#8221;. Segundo o documento, isso acabaria por minar o declarado esfor\u00e7o americano de liderar\u00a0as &#8220;na\u00e7\u00f5es nobres do mundo na\u00a0constru\u00e7\u00e3o de\u00a0uma nova ordem liberal&#8221;, como disse em dezembro o secret\u00e1rio de Estado americano, Mike Pompeo, e de se opor aos poderes autorit\u00e1rios.<\/p>\n<p>&#8220;Para os aliados transatl\u00e2nticos de longa data, \u00e9 dif\u00edcil de engolir\u00a0quando Trump elogia l\u00edderes n\u00e3o liberais, do Brasil \u00e0s Filipinas&#8221;, diz o relat\u00f3rio.<\/p>\n<p>&#8220;Documentos estrat\u00e9gicos dos EUA destacam a China e a R\u00fassia como seus dois maiores concorrentes&#8221;, afirma o texto, ao observar que a rivalidade entre esses tr\u00eas pa\u00edses se apresenta de maneiras diferentes. O conflito entre Washington e Pequim est\u00e1 centrado principalmente nas quest\u00f5es econ\u00f4micas e comerciais, enquanto R\u00fassia e China se veem como uma alian\u00e7a de autocracias contra o Ocidente, ainda que permane\u00e7am em uma concorr\u00eancia geopol\u00edtica entre si.<\/p>\n<p>A rivalidade EUA-R\u00fassia, por outro lado, continua permeada por acusa\u00e7\u00f5es e contra-acusa\u00e7\u00f5es sobre quest\u00f5es envolvendo armamentos. A Confer\u00eancia de Munique enxerga poucas perspectivas de que isso possa melhorar em breve. Ap\u00f3s o cancelamento do Tratado de For\u00e7as Nucleares de Alcance Intermedi\u00e1rio (INF), outras medidas para o controle de armas est\u00e3o agora sob amea\u00e7a, avalia o relat\u00f3rio. &#8220;Parece pouco prov\u00e1vel que possam renovar o tratado New START sobre armas nucleares estrat\u00e9gicas para al\u00e9m de 2021, quando ele dever\u00e1 expirar&#8221;, diz o documento.<\/p>\n<p><strong>Ano decisivo para a Europa<\/strong><\/p>\n<p>E o que dizer da Europa, que aparenta desempenhar um papel estrat\u00e9gico cada vez menor nessas delibera\u00e7\u00f5es? &#8220;A Uni\u00e3o Europeia est\u00e1 particularmente mal preparada para uma nova era de grande disputa de poder&#8221;, diz o relat\u00f3rio. Isso fica\u00a0claro com o novo debate sobre a &#8220;autonomia estrat\u00e9gica&#8221; da Europa, no qual\u00a0n\u00e3o parece haver um plano B\u00a0para como o continente poder\u00e1 se emancipar em termos de pol\u00edticas globais de seguran\u00e7a.<\/p>\n<p>Ischinger disse que 2019 dever\u00e1 ser um ano decisivo para a UE, especialmente em raz\u00e3o das elei\u00e7\u00f5es para o Parlamento Europeu em maio e da nomea\u00e7\u00e3o do novo presidente do Banco Central Europeu em outubro. Por isso, segundo o diplomata, \u00e9 importante que a confer\u00eancia deste ano demonstre aos participantes n\u00e3o europeus que &#8220;a UE est\u00e1 preparada para lutar por seus interesses atrav\u00e9s da autoafirma\u00e7\u00e3o&#8221;.<\/p>\n<p>O relat\u00f3rio afirma que o mundo deve se preparar para um &#8220;novo interregno&#8221; \u2013 um per\u00edodo onde h\u00e1 aus\u00eancia de lideran\u00e7a \u2013 no qual\u00a0os defensores restantes dos valores liberais tentar\u00e3o navegar da melhor forma poss\u00edvel por um per\u00edodo de incertezas e instabilidade. &#8220;Alguns dos postulantes ao papel cada vez maior de guardi\u00f5es da ordem liberal s\u00e3o engajados, mas incapazes; outros s\u00e3o ao menos moderadamente capazes, mas n\u00e3o desejam ou n\u00e3o conseguem levar suas capacidades adiante&#8221;, diz o relat\u00f3rio.<\/p>\n<p>Uma consequ\u00eancia desse per\u00edodo de transi\u00e7\u00e3o seria a abertura de possibilidades para as chamadas na\u00e7\u00f5es do segundo plano, como Canad\u00e1, Jap\u00e3o e o\u00a0Reino Unido, para qual o relat\u00f3rio dedica um cap\u00edtulo \u00e0 parte. Enquanto os brit\u00e2nicos foram essenciais para a forma\u00e7\u00e3o da ordem liberal do p\u00f3s-Guerra e ainda possuem grande cacife geopol\u00edtico como membros do Conselho de Seguran\u00e7a da ONU, as consequ\u00eancias imprevis\u00edveis de sua sa\u00edda do bloco europeu deixam o pa\u00eds em uma posi\u00e7\u00e3o in\u00e9dita.<\/p>\n<p>&#8220;O que ficou claro, por\u00e9m, \u00e9 que os procedimentos do Brexit continuar\u00e3o a criar feridas\u00a0em ambos os lados do Canal [da Mancha] durante anos a fio&#8221;, diz o relat\u00f3rio, apesar das repetidas manifesta\u00e7\u00f5es de Londres, Paris e Berlim de que essas pot\u00eancias\u00a0continuar\u00e3o a trabalhar juntas.<\/p>\n<p>&#8220;Quem assumir\u00e1 as responsabilidades? H\u00e1 pot\u00eancias\u00a0capazes de assumir\u00a0essas responsabilidades? A UE tamb\u00e9m pode desempenhar algum papel ou \u00e9 fraca demais? E, se for, quem ent\u00e3o poder\u00e1 faz\u00ea-lo?&#8221;, pergunta Ischinger. &#8220;Ou apenas vamos deixar\u00a0acontecer: que a ordem liberal internacional, baseada nas institui\u00e7\u00f5es, nas regras e na lei, se desmantele, pe\u00e7a por pe\u00e7a? Para os interesses alem\u00e3es e europeus, isso seria algo tr\u00e1gico, um desenvolvimento catastr\u00f3fico.&#8221;<\/p>\n<p><strong>Alian\u00e7a de multilateralistas<\/strong><\/p>\n<p>Em mensagem de v\u00eddeo antes de sua participa\u00e7\u00e3o na confer\u00eancia,\u00a0Merkel\u00a0disse que quer trabalhar para manter as institui\u00e7\u00f5es internacionais, o que, segundo diz, seria t\u00e3o importante agora como foi durante a Guerra Fria.<\/p>\n<p>Merkel afirmou que a Alemanha apoia a ordem liberal internacional, um sentimento refor\u00e7ado por seu ministro do Exterior, Heiko Maas, que recentemente clamou pela cria\u00e7\u00e3o de uma &#8220;alian\u00e7a de multilateralistas&#8221;. As dificuldades para tal, por\u00e9m, j\u00e1 ficaram evidentes com a disputa entre a Alemanha e a Fran\u00e7a, parceiros estrat\u00e9gicos, sobre o gasoduto Nord Stream 2, planejado para ligar a R\u00fassia ao territ\u00f3rio alem\u00e3o.<\/p>\n<p>Uma nova pesquisa realizada pela Funda\u00e7\u00e3o Friedrich Ebert\u00a0revelou que apenas 42% dos franceses, em contraste com 59% dos alem\u00e3es, acreditam que seu pa\u00eds deve permanece neutro em quest\u00f5es internacionais. Da mesma forma, um n\u00famero maior de alem\u00e3es (65%, ante\u00a050% dos franceses) rejeita o envolvimento de seu pa\u00eds em interven\u00e7\u00f5es militares, algo que reflete as diferen\u00e7as pol\u00edticas e culturais entre Berlim e Paris.<\/p>\n<p>&#8220;A crise atual da parceria transatl\u00e2ntica \u00e9 um desafio maior para a Alemanha do que para a Fran\u00e7a, que sempre perseguiu uma abordagem mais independente&#8221;, conclui o relat\u00f3rio. Entretanto, ainda n\u00e3o est\u00e1 claro de que modo essas diferen\u00e7as podem ser superadas.<\/p>\n<p>Parece improv\u00e1vel que possa haver progressos durante a Confer\u00eancia de Seguran\u00e7a de Munique. H\u00e1 poucos dias, o presidente franc\u00eas, Emmanuel Macron, cancelou sua participa\u00e7\u00e3o no evento em raz\u00e3o de problemas pol\u00edticos em seu pa\u00eds.<\/p>\n","protected":false},"excerpt":{"rendered":"<p>O mundo est\u00e1 em crise, e os Estados Unidos s\u00f3 est\u00e3o tornando a situa\u00e7\u00e3o ainda&#8230;<\/p>\n","protected":false},"author":1,"featured_media":0,"comment_status":"closed","ping_status":"closed","sticky":false,"template":"","format":"standard","meta":{"footnotes":""},"categories":[15],"tags":[],"class_list":["post-28186","post","type-post","status-publish","format-standard","hentry","category-internacional"],"_links":{"self":[{"href":"https:\/\/www.corumbaonline.com.br\/news\/wp-json\/wp\/v2\/posts\/28186","targetHints":{"allow":["GET"]}}],"collection":[{"href":"https:\/\/www.corumbaonline.com.br\/news\/wp-json\/wp\/v2\/posts"}],"about":[{"href":"https:\/\/www.corumbaonline.com.br\/news\/wp-json\/wp\/v2\/types\/post"}],"author":[{"embeddable":true,"href":"https:\/\/www.corumbaonline.com.br\/news\/wp-json\/wp\/v2\/users\/1"}],"replies":[{"embeddable":true,"href":"https:\/\/www.corumbaonline.com.br\/news\/wp-json\/wp\/v2\/comments?post=28186"}],"version-history":[{"count":1,"href":"https:\/\/www.corumbaonline.com.br\/news\/wp-json\/wp\/v2\/posts\/28186\/revisions"}],"predecessor-version":[{"id":28187,"href":"https:\/\/www.corumbaonline.com.br\/news\/wp-json\/wp\/v2\/posts\/28186\/revisions\/28187"}],"wp:attachment":[{"href":"https:\/\/www.corumbaonline.com.br\/news\/wp-json\/wp\/v2\/media?parent=28186"}],"wp:term":[{"taxonomy":"category","embeddable":true,"href":"https:\/\/www.corumbaonline.com.br\/news\/wp-json\/wp\/v2\/categories?post=28186"},{"taxonomy":"post_tag","embeddable":true,"href":"https:\/\/www.corumbaonline.com.br\/news\/wp-json\/wp\/v2\/tags?post=28186"}],"curies":[{"name":"wp","href":"https:\/\/api.w.org\/{rel}","templated":true}]}}