{"id":28227,"date":"2019-02-12T14:55:02","date_gmt":"2019-02-12T17:55:02","guid":{"rendered":"http:\/\/www.corumbaonline.com.br\/news\/?p=28227"},"modified":"2019-02-12T14:41:22","modified_gmt":"2019-02-12T17:41:22","slug":"o-tempo-joga-contra-maduro-afirma-guaido-a-dw","status":"publish","type":"post","link":"https:\/\/www.corumbaonline.com.br\/news\/o-tempo-joga-contra-maduro-afirma-guaido-a-dw\/","title":{"rendered":"&#8220;O tempo joga contra Maduro&#8221;, afirma Guaid\u00f3 \u00e0 DW"},"content":{"rendered":"<p>O oposicionista e autoproclamado presidente interino da Venezuela, Juan Guaid\u00f3, afirmou nesta segunda-feira (11\/02), <a class=\"icon intern\" href=\"https:\/\/www.dw.com\/es\/entrevista-exclusiva-con-juan-guaid%C3%B3-el-r%C3%A9gimen-de-maduro-no-tiene-respaldo-popular\/av-47481246\" target=\"_blank\" rel=\"noopener\">em entrevista exclusiva \u00e0 DW<\/a>\u00a0em Caracas, que o governo de Nicol\u00e1s Maduro n\u00e3o tem futuro e que o &#8220;tempo joga contra o regime&#8221;.<\/p>\n<p>&#8220;\u00c9 um regime que n\u00e3o tem propostas, n\u00e3o tem respaldo popular, n\u00e3o tem dire\u00e7\u00e3o e n\u00e3o protege nenhum dos seus [cidad\u00e3os], versus um movimento popular que se mant\u00e9m, cresce, ganha apoio internacional e apresenta uma op\u00e7\u00e3o de estabiliza\u00e7\u00e3o para a Venezuela&#8221;, afirmou.<\/p>\n<p>O oposicionista classificou o movimento iniciado com a sua autoproclama\u00e7\u00e3o \u00e0 presid\u00eancia interina, em 23 de janeiro, de imposs\u00edvel de deter. &#8220;Eles poder\u00e3o insistir na \u00fanica coisa que sabem fazer, que \u00e9 a repress\u00e3o, persegui\u00e7\u00e3o e tortura ou simplesmente roubar o dinheiro da Venezuela. Mas o que \u00e9 imposs\u00edvel de deter \u00e9 o fato de que vamos produzir uma transi\u00e7\u00e3o pac\u00edfica democr\u00e1tica na Venezuela pelo bem do nosso povo&#8221;, disse.<\/p>\n<p>Presidente da Assembleia Nacional, controlada pela oposi\u00e7\u00e3o, Guaid\u00f3 chegou a ser detido por cerca de meia hora em 13 de janeiro, antes de participar de um protesto contra o governo. Ao ser entrevistado pela DW em Caracas, ele disse acreditar que ainda est\u00e1 em liberdade gra\u00e7as \u00e0 grande mobiliza\u00e7\u00e3o popular, ao respaldo internacional e \u00e0 Constitui\u00e7\u00e3o venezuelana.<\/p>\n<p>&#8220;J\u00e1 me sequestraram uma vez e amea\u00e7aram em algumas ocasi\u00f5es a minha fam\u00edlia. J\u00e1 vimos o que fazem com a dissid\u00eancia na Venezuela [&#8230;], mas seguiremos firmes&#8221;, afirmou.<\/p>\n<p>Guaid\u00f3 n\u00e3o quis comentar a possibilidade de ser candidato em elei\u00e7\u00f5es presidenciais convocadas por um governo interino, afirmando que &#8220;primeiro \u00e9 preciso construir&#8221; e que o pa\u00eds est\u00e1 passando por um processo de &#8220;fim da usurpa\u00e7\u00e3o [do poder por Maduro]&#8221; e constru\u00e7\u00e3o de um governo de transi\u00e7\u00e3o. &#8220;Meu papel neste momento \u00e9 articular. [&#8230;.] Veremos quem nos representar\u00e1 em elei\u00e7\u00f5es livres&#8221;, disse,<\/p>\n<p>Em meio \u00e0 grave crise econ\u00f4mica que provoca escassez de produtos b\u00e1sicos na Venezuela e \u00e0 disputa de poder entre Guaid\u00f3 e Maduro, este\u00a0nega a exist\u00eancia de uma crise humanit\u00e1ria, afirmando que ela foi inventada pelos EUA para justificaram uma interven\u00e7\u00e3o no pa\u00eds, enquanto o oposicionista defende ajuda externa para evitar uma cat\u00e1strofe.<\/p>\n<p>Guaid\u00f3 confirmou \u00e0 DW que uma pequena quantidade de ajuda humanit\u00e1ria chegou \u00e0 Venezuela e foi distribu\u00edda nesta segunda-feira. &#8220;Conseguimos entregar 4.500 suplementos nutricionais para m\u00e3es em per\u00edodo de gesta\u00e7\u00e3o com estado de nutri\u00e7\u00e3o [&#8230;] e quase 85 mil suplementos nutricionais para jovens ou crian\u00e7as e beb\u00eas com desnutri\u00e7\u00e3o&#8221;, disse. &#8220;H\u00e1 um povo esperando pela chegada de ajuda humanit\u00e1ria como um primeiro passo [para amenizar a crise].&#8221;<\/p>\n<p>Ajuda humanit\u00e1ria enviada pelos EUA foi encaminhada nos \u00faltimos dias para a cidade colombiana de C\u00facuta, na fronteira com a Venezuela, mas o governo Maduro impediu a entrada da carga no pa\u00eds. Na \u00faltima ter\u00e7a-feira, o departamento de imigra\u00e7\u00e3o colombiano divulgou fotos em que um <a href=\"https:\/\/www.dw.com\/pt-br\/impasse-na-fronteira-entre-venezuela-e-col\u00f4mbia\/a-47395444\">cont\u00eainer e um carro-tanque bloqueiam as pistas de uma ponte<\/a> que liga os dois pa\u00edses.<\/p>\n<p>Ap\u00f3s apelar aos militares no \u00faltimo fim de semana, Guaid\u00f3 reiterou \u00e0 DW que seria um crime impedir por completo a entrada de ajuda humanit\u00e1ria no pa\u00eds. &#8220;N\u00e3o falamos pelas entrelinhas \u00e0s For\u00e7as Armadas. Dissemos claramente que elas devem permitir a entrada de ajuda humanit\u00e1ria e que n\u00e3o faz\u00ea-lo ser\u00e1 considerado um crime contra a humanidade&#8221;, afirmou.<\/p>\n<p>&#8220;Na Venezuela poder\u00edamos estar falando de um genoc\u00eddio silencioso quando centenas de milhares de pessoas perderam a vida por falta de mantimentos, por n\u00e3o se proteger o direito \u00e0 vida&#8221;, prosseguiu Guaid\u00f3.<\/p>\n<p>&#8220;Esse regime mata diretamente,\u00a0um pa\u00eds que matou 70 pessoas em uma semana porque estavam protestando, e indiretamente, porque n\u00e3o entende a crise de alimentos, porque n\u00e3o entende a crise de suprimentos m\u00e9dicos nem a inseguran\u00e7a que faz de Caracas a capital mais violenta do planeta&#8221;, criticou.<\/p>\n<p>Ap\u00f3s alguns ve\u00edculos de imprensa noticiarem no \u00faltimo fim de semana que Guaid\u00f3 considera a possibilidade de uma interven\u00e7\u00e3o militar dos Estados Unidos na Venezuela, o oposicionista negou ter afirmado isso, sem descartar, no entanto, um poss\u00edvel pedido de ajuda a outros pa\u00edses.<\/p>\n<p>&#8220;Perguntaram-me muito sobre a possibilidade de que um pa\u00eds preste esse tipo de apoio. E eu disse claramente que a Venezuela vai tomar todas as decis\u00f5es\u00a0de forma soberana e no exerc\u00edcio dos nossos poderes como presidente interino e como Parlamento nacional, salvaguardando a vida de todos os venezuelanos, procurando ter pouco ou nenhum custo social, gerando estabilidade e governabilidade, para dar aten\u00e7\u00e3o \u00e0 emerg\u00eancia e sair de uma ditadura&#8221;, disse. &#8220;N\u00f3s vamos decidir qual \u00e9 a for\u00e7a necess\u00e1ria para fazer cessar a usurpa\u00e7\u00e3o.&#8221;<\/p>\n<p>LPF\/dw<\/p>\n","protected":false},"excerpt":{"rendered":"<p>O oposicionista e autoproclamado presidente interino da Venezuela, Juan Guaid\u00f3, afirmou nesta segunda-feira (11\/02), em&#8230;<\/p>\n","protected":false},"author":1,"featured_media":0,"comment_status":"closed","ping_status":"closed","sticky":false,"template":"","format":"standard","meta":{"footnotes":""},"categories":[15],"tags":[],"class_list":["post-28227","post","type-post","status-publish","format-standard","hentry","category-internacional"],"_links":{"self":[{"href":"https:\/\/www.corumbaonline.com.br\/news\/wp-json\/wp\/v2\/posts\/28227","targetHints":{"allow":["GET"]}}],"collection":[{"href":"https:\/\/www.corumbaonline.com.br\/news\/wp-json\/wp\/v2\/posts"}],"about":[{"href":"https:\/\/www.corumbaonline.com.br\/news\/wp-json\/wp\/v2\/types\/post"}],"author":[{"embeddable":true,"href":"https:\/\/www.corumbaonline.com.br\/news\/wp-json\/wp\/v2\/users\/1"}],"replies":[{"embeddable":true,"href":"https:\/\/www.corumbaonline.com.br\/news\/wp-json\/wp\/v2\/comments?post=28227"}],"version-history":[{"count":1,"href":"https:\/\/www.corumbaonline.com.br\/news\/wp-json\/wp\/v2\/posts\/28227\/revisions"}],"predecessor-version":[{"id":28230,"href":"https:\/\/www.corumbaonline.com.br\/news\/wp-json\/wp\/v2\/posts\/28227\/revisions\/28230"}],"wp:attachment":[{"href":"https:\/\/www.corumbaonline.com.br\/news\/wp-json\/wp\/v2\/media?parent=28227"}],"wp:term":[{"taxonomy":"category","embeddable":true,"href":"https:\/\/www.corumbaonline.com.br\/news\/wp-json\/wp\/v2\/categories?post=28227"},{"taxonomy":"post_tag","embeddable":true,"href":"https:\/\/www.corumbaonline.com.br\/news\/wp-json\/wp\/v2\/tags?post=28227"}],"curies":[{"name":"wp","href":"https:\/\/api.w.org\/{rel}","templated":true}]}}