{"id":28233,"date":"2019-02-12T15:10:58","date_gmt":"2019-02-12T18:10:58","guid":{"rendered":"http:\/\/www.corumbaonline.com.br\/news\/?p=28233"},"modified":"2019-02-12T15:10:27","modified_gmt":"2019-02-12T18:10:27","slug":"juri-nos-eua-condena-o-traficante-mexicano-el-chapo","status":"publish","type":"post","link":"https:\/\/www.corumbaonline.com.br\/news\/juri-nos-eua-condena-o-traficante-mexicano-el-chapo\/","title":{"rendered":"J\u00fari nos EUA condena o traficante mexicano El Chapo"},"content":{"rendered":"<div class=\"mc-column content-text active-extra-styles active-capital-letter\" data-block-type=\"unstyled\" data-block-weight=\"39\" data-block-id=\"2\">\n<p class=\"content-text__container theme-color-primary-first-letter\" data-track-category=\"Link no Texto\" data-track-links=\"\">O j\u00fari que analisa as acusa\u00e7\u00f5es contra o mexicano Joaqu\u00edn &#8220;El Chapo&#8221; Guzm\u00e1n em Nova York o declarou nesta ter\u00e7a-feira (12) culpado de ocupar uma posi\u00e7\u00e3o de lideran\u00e7a no cartel de Sinaloa, o que deve lev\u00e1-lo \u00e0 pris\u00e3o perp\u00e9tua.<\/p>\n<p class=\"content-text__container theme-color-primary-first-letter\" data-track-category=\"Link no Texto\" data-track-links=\"\">El Chapo foi considerado culpado em todas as 10 acusa\u00e7\u00f5es contra ele, que incluem envolvimento em empreendimento criminoso cont\u00ednuo, conspira\u00e7\u00e3o para lavar dinheiro obtido de narc\u00f3ticos, distribui\u00e7\u00e3o internacional de coca\u00edna, hero\u00edna, maconha e outras drogas, e uso de armas de fogo.<\/p>\n<\/div>\n<div class=\"wall protected-content\">\n<div class=\"mc-column content-text active-extra-styles\" data-block-type=\"raw\" data-block-weight=\"4\" data-block-id=\"4\">\n<div class=\"content-intertitle\">\n<h2>Como foi o julgamento<\/h2>\n<\/div>\n<\/div>\n<div class=\"mc-column content-text active-extra-styles \" data-block-type=\"unstyled\" data-block-weight=\"55\" data-block-id=\"5\">\n<p class=\"content-text__container \" data-track-category=\"Link no Texto\" data-track-links=\"\">O j\u00fari an\u00f4nimo analisou o caso por dois meses e meio. A acusa\u00e7\u00e3o baseou-se principalmente em depoimentos de testemunhas. Os jurados ouviram 200 horas de declara\u00e7\u00f5es de 56 testemunhas, incluindo 14 testemunhas cooperantes, em sua maioria traficantes e s\u00f3cios no cartel de Sinaloa. A defesa afirmou se tratavam de mentirosos em busca de senten\u00e7as reduzidas.<\/p>\n<\/div>\n<div class=\"mc-column content-text active-extra-styles \" data-block-type=\"unstyled\" data-block-weight=\"83\" data-block-id=\"6\">\n<p class=\"content-text__container \" data-track-category=\"Link no Texto\" data-track-links=\"\">Como informa a rede CNN, os jurados ouviram depoimentos sobre torturas indescrit\u00edveis, assassinatos medonhos e corrup\u00e7\u00e3o em quase todos os n\u00edveis do governo do M\u00e9xico. Foram apresentadas tamb\u00e9m imagens de sistemas de vigil\u00e2ncia, grampos telef\u00f4nicos e mensagens de texto envolvendo El Chapo. Seu especialista em tecnologia, um colombiano chamado Christian Rodriguez, testemunhou contra ele no julgamento e deu \u00e0s autoridades americanas o acesso a mensagens de texto e conversas por telefone celular que o traficante tinha com comparsas do cartel, amigos e esposa.<\/p>\n<\/div>\n<div class=\"mc-column content-text active-extra-styles \" data-block-type=\"unstyled\" data-block-weight=\"58\" data-block-id=\"7\">\n<p class=\"content-text__container \" data-track-category=\"Link no Texto\" data-track-links=\"\">El Chapo, de 61 anos, recusou-se a testemunhar em defesa pr\u00f3pria. Seus advogados passaram menos de meia hora interrogando uma testemunha. Em seu argumento de encerramento, o advogado de defesa Jeffrey Lichtman alegou que Chapo nunca foi um verdadeiro l\u00edder de poder no Cartel de Sinaloa, e sim apenas um bra\u00e7o-direito de seu parceiro Ismael &#8220;El Mayo&#8221; Zambada.<\/p>\n<\/div>\n<div class=\"mc-column content-text active-extra-styles\" data-block-type=\"raw\" data-block-weight=\"4\" data-block-id=\"8\">\n<div class=\"content-intertitle\">\n<h2>Neg\u00f3cio aos 15 anos<\/h2>\n<\/div>\n<\/div>\n<div class=\"mc-column content-text active-extra-styles \" data-block-type=\"unstyled\" data-block-weight=\"39\" data-block-id=\"9\">\n<p class=\"content-text__container \" data-track-category=\"Link no Texto\" data-track-links=\"\">Joaqu\u00edn Archivaldo Guzm\u00e1n Loera nasceu em 4 de abril de 1957 em uma fam\u00edlia humilde em La Tuna, pequeno povoado rural de Badiraguato, no pobre e violento estado de Sinaloa. O apelido &#8220;El Chapo&#8221; significa &#8220;o baixinho&#8221;, em portugu\u00eas.<\/p>\n<\/div>\n<div class=\"content-ads content-ads--reveal\" data-block-type=\"ads\" data-block-id=\"10\"><\/div>\n<div class=\"mc-column content-text active-extra-styles \" data-block-type=\"unstyled\" data-block-weight=\"30\" data-block-id=\"11\">\n<p class=\"content-text__container \" data-track-category=\"Link no Texto\" data-track-links=\"\">Em um encontro clandestino em outubro de 2015, contou ao ator americano Sean Penn que, quando crian\u00e7a, vendia laranjas, refrigerantes e doces para ajudar sua fam\u00edlia, que era &#8220;muito pobre&#8221;.<\/p>\n<\/div>\n<div class=\"mc-column content-text active-extra-styles \" data-block-type=\"unstyled\" data-block-weight=\"24\" data-block-id=\"12\">\n<p class=\"content-text__container \" data-track-category=\"Link no Texto\" data-track-links=\"\">Mas devido \u00e0 &#8220;falta de oportunidades&#8221;, aos 15 anos j\u00e1 cultivava e vendia maconha e papoula, um neg\u00f3cio que florescia em seu povoado agr\u00edcola.<\/p>\n<div class=\"mc-column content-text active-extra-styles\" data-block-type=\"raw\" data-block-weight=\"5\" data-block-id=\"14\">\n<div class=\"content-intertitle\">\n<h2>O maior cartel do mundo<\/h2>\n<\/div>\n<\/div>\n<div class=\"mc-column content-text active-extra-styles \" data-block-type=\"unstyled\" data-block-weight=\"40\" data-block-id=\"15\">\n<p class=\"content-text__container \" data-track-category=\"Link no Texto\" data-track-links=\"\">Adolescente, foi recrutado pelo chefe do cartel de Guadalajara, Miguel Angel F\u00e9lix Gallardo, e quando este foi preso em 1989, fundou com tr\u00eas s\u00f3cios o cartel de Sinaloa, que cresceu de forma met\u00f3rica at\u00e9 se tornar o maior do mundo.<\/p>\n<\/div>\n<div class=\"mc-column content-text active-extra-styles \" data-block-type=\"unstyled\" data-block-weight=\"28\" data-block-id=\"16\">\n<p class=\"content-text__container \" data-track-category=\"Link no Texto\" data-track-links=\"\">Com o passar do tempo, se tornou o traficante de drogas mais procurado do mundo, acusado de enviar entorpecentes da Am\u00e9rica Latina para Estados Unidos, Europa e \u00c1sia.<\/p>\n<\/div>\n<div class=\"mc-column content-text active-extra-styles \" data-block-type=\"unstyled\" data-block-weight=\"30\" data-block-id=\"17\">\n<p class=\"content-text__container \" data-track-category=\"Link no Texto\" data-track-links=\"\">At\u00e9 a revista &#8220;Forbes&#8221; reconheceu o seu sucesso e, at\u00e9 2013, o colocou por v\u00e1rios anos em sua famosa lista de bilion\u00e1rios, estimando a sua fortuna em US$ 1 bilh\u00e3o.<\/p>\n<\/div>\n<div class=\"mc-column content-text active-extra-styles \" data-block-type=\"unstyled\" data-block-weight=\"30\" data-block-id=\"18\">\n<p class=\"content-text__container \" data-track-category=\"Link no Texto\" data-track-links=\"\">Embora em seu estado de Sinaloa tenha criado uma imagem de Robin Hood, fazendo muitas obras sociais para a popula\u00e7\u00e3o local, El Chapo era considerado impiedoso com rivais e traidores.<\/p>\n<\/div>\n<div class=\"mc-column content-text active-extra-styles\" data-block-type=\"raw\" data-block-weight=\"3\" data-block-id=\"19\">\n<div class=\"content-intertitle\">\n<h2>Pris\u00f5es e fugas<\/h2>\n<\/div>\n<\/div>\n<div class=\"mc-column content-text active-extra-styles \" data-block-type=\"unstyled\" data-block-weight=\"29\" data-block-id=\"20\">\n<p class=\"content-text__container \" data-track-category=\"Link no Texto\" data-track-links=\"\">Mas a partir de 1993 a situa\u00e7\u00e3o come\u00e7ou a se complicar e, em junho daquele ano, foi detido pela primeira vez, na Guatemala, e levado para uma pris\u00e3o mexicana.<\/p>\n<\/div>\n<div class=\"content-ads content-ads--reveal\" data-block-type=\"ads\" data-block-id=\"21\"><\/div>\n<div class=\"mc-column content-text active-extra-styles \" data-block-type=\"unstyled\" data-block-weight=\"14\" data-block-id=\"22\">\n<p class=\"content-text__container \" data-track-category=\"Link no Texto\" data-track-links=\"\">Mas fugiu oito anos depois, em 2001, dentro de um carrinho de roupa suja.<\/p>\n<\/div>\n<div class=\"mc-column content-text active-extra-styles \" data-block-type=\"unstyled\" data-block-weight=\"39\" data-block-id=\"23\">\n<p class=\"content-text__container \" data-track-category=\"Link no Texto\" data-track-links=\"\">Voltou a ser preso em fevereiro de 2014, quando estava com sua esposa e filhas em Mazatl\u00e1n, Sinaloa. E, novamente, fugiu 14 meses depois por um t\u00fanel de 1,5 km cavado sob o ralo do chuveiro de sua cela.<\/p>\n<\/div>\n<div data-track-category=\"multicontent\" data-track-action=\"ultimo chunk conteudo\" data-track-noninteraction=\"false\" data-track-scroll=\"view\">\n<div class=\"mc-column content-text active-extra-styles \" data-block-type=\"unstyled\" data-block-weight=\"48\" data-block-id=\"24\">\n<p class=\"content-text__container \" data-track-category=\"Link no Texto\" data-track-links=\"\">As autoridades dizem que sua queda pela atriz mexicana Kate del Castillo, com quem trocou mensagens sugestivas e que conseguiu o encontro entre El Chapo e Penn, levou a sua localiza\u00e7\u00e3o e pris\u00e3o final em janeiro de 2016, at\u00e9 a sua extradi\u00e7\u00e3o aos Estados Unidos um ano depois.<\/p>\n<\/div>\n<\/div>\n<\/div>\n<\/div>\n","protected":false},"excerpt":{"rendered":"<p>O j\u00fari que analisa as acusa\u00e7\u00f5es contra o mexicano Joaqu\u00edn &#8220;El Chapo&#8221; Guzm\u00e1n em Nova&#8230;<\/p>\n","protected":false},"author":1,"featured_media":0,"comment_status":"closed","ping_status":"closed","sticky":false,"template":"","format":"standard","meta":{"footnotes":""},"categories":[15],"tags":[],"class_list":["post-28233","post","type-post","status-publish","format-standard","hentry","category-internacional"],"_links":{"self":[{"href":"https:\/\/www.corumbaonline.com.br\/news\/wp-json\/wp\/v2\/posts\/28233","targetHints":{"allow":["GET"]}}],"collection":[{"href":"https:\/\/www.corumbaonline.com.br\/news\/wp-json\/wp\/v2\/posts"}],"about":[{"href":"https:\/\/www.corumbaonline.com.br\/news\/wp-json\/wp\/v2\/types\/post"}],"author":[{"embeddable":true,"href":"https:\/\/www.corumbaonline.com.br\/news\/wp-json\/wp\/v2\/users\/1"}],"replies":[{"embeddable":true,"href":"https:\/\/www.corumbaonline.com.br\/news\/wp-json\/wp\/v2\/comments?post=28233"}],"version-history":[{"count":1,"href":"https:\/\/www.corumbaonline.com.br\/news\/wp-json\/wp\/v2\/posts\/28233\/revisions"}],"predecessor-version":[{"id":28234,"href":"https:\/\/www.corumbaonline.com.br\/news\/wp-json\/wp\/v2\/posts\/28233\/revisions\/28234"}],"wp:attachment":[{"href":"https:\/\/www.corumbaonline.com.br\/news\/wp-json\/wp\/v2\/media?parent=28233"}],"wp:term":[{"taxonomy":"category","embeddable":true,"href":"https:\/\/www.corumbaonline.com.br\/news\/wp-json\/wp\/v2\/categories?post=28233"},{"taxonomy":"post_tag","embeddable":true,"href":"https:\/\/www.corumbaonline.com.br\/news\/wp-json\/wp\/v2\/tags?post=28233"}],"curies":[{"name":"wp","href":"https:\/\/api.w.org\/{rel}","templated":true}]}}