{"id":28295,"date":"2019-02-13T10:24:05","date_gmt":"2019-02-13T13:24:05","guid":{"rendered":"http:\/\/www.corumbaonline.com.br\/news\/?p=28295"},"modified":"2019-02-13T11:10:58","modified_gmt":"2019-02-13T14:10:58","slug":"corumba-integra-calendario-nacional-de-eventos-do-ministerio-do-turismo","status":"publish","type":"post","link":"https:\/\/www.corumbaonline.com.br\/news\/corumba-integra-calendario-nacional-de-eventos-do-ministerio-do-turismo\/","title":{"rendered":"Corumb\u00e1 integra Calend\u00e1rio Nacional de Eventos do Minist\u00e9rio do Turismo"},"content":{"rendered":"<p>Pelo terceiro ano consecutivo, o Carnaval e o Arraial do Banho de S\u00e3o Jo\u00e3o de Corumb\u00e1 est\u00e3o no Calend\u00e1rio Nacional de Eventos do Minist\u00e9rio do Turismo, que integra os principais eventos turist\u00edcos do pa\u00eds\u00a0a visitantes brasileiros e estrangeiros.<\/p>\n<p>O Carnaval Cultural de Corumb\u00e1 \u00e9 a maior festa de participa\u00e7\u00e3o popular do Brasil Central, que une cerca de 30.000 pessoas por dia no circuito do evento.<\/p>\n<p>De acordo com a diretora-presidente interina da Funda\u00e7\u00e3o de Turismo do Pantanal, Elisangela Sienna da Costa, o Carnaval \u00e9 uma manifesta\u00e7\u00e3o secular, espont\u00e2nea e livre, \u201cem que o samba, o l\u00fadico e o cultural se misturam com a emo\u00e7\u00e3o e a ginga dos corumbaenses que conseguem renovar a folia a cada ano, recebendo gente dos quatro cantos do pa\u00eds que se unem numa mesma emo\u00e7\u00e3o\u201d.<\/p>\n<p>Pelas ruas e ladeiras do centro hist\u00f3rico de Corumb\u00e1, os foli\u00f5es turistas e corumbaenses, brincam o carnaval em blocos culturais (pastoras, frevo e marinheiros), blocos oficiais, blocos independentes, cord\u00f5es, corsos e escolas de samba, sob a cad\u00eancia do samba, ao som das antigas marchinhas de carnaval e sempre atentos as batidas dos tamborins.<\/p>\n<p><strong>Arraial do Banho de S\u00e3o Jo\u00e3o<\/strong><\/p>\n<p>O Arraial do Banho de S\u00e3o Jo\u00e3o de Corumb\u00e1 \u00e9 uma mistura de patrim\u00f4nio de f\u00e9 do Mato Grosso do Sul, \u00e9 uma das mais fortes manifesta\u00e7\u00f5es religiosas do Brasil, certificada como Patrim\u00f4nio Imaterial do Estado do MS.<\/p>\n<p>Conhecido com esse nome somente na cidade de Corumb\u00e1, a festividade \u00e9 realizada em pagamento de promessa por uma gra\u00e7a alcan\u00e7ada ou em agradecimento ao santo do catolicismo popular S\u00e3o Jo\u00e3o Batista.<\/p>\n<p>A festa tem seu \u00e1pice em banhar o santo nas \u00e1guas do Rio Paraguai na madrugada do dia 23 para 24 de junho, atraindo cerca de 3.000 mil turistas anualmente.<\/p>\n","protected":false},"excerpt":{"rendered":"<p>Pelo terceiro ano consecutivo, o Carnaval e o Arraial do Banho de S\u00e3o Jo\u00e3o de&#8230;<\/p>\n","protected":false},"author":1,"featured_media":28296,"comment_status":"closed","ping_status":"closed","sticky":false,"template":"","format":"standard","meta":{"footnotes":""},"categories":[23],"tags":[],"class_list":["post-28295","post","type-post","status-publish","format-standard","has-post-thumbnail","hentry","category-turismo"],"_links":{"self":[{"href":"https:\/\/www.corumbaonline.com.br\/news\/wp-json\/wp\/v2\/posts\/28295","targetHints":{"allow":["GET"]}}],"collection":[{"href":"https:\/\/www.corumbaonline.com.br\/news\/wp-json\/wp\/v2\/posts"}],"about":[{"href":"https:\/\/www.corumbaonline.com.br\/news\/wp-json\/wp\/v2\/types\/post"}],"author":[{"embeddable":true,"href":"https:\/\/www.corumbaonline.com.br\/news\/wp-json\/wp\/v2\/users\/1"}],"replies":[{"embeddable":true,"href":"https:\/\/www.corumbaonline.com.br\/news\/wp-json\/wp\/v2\/comments?post=28295"}],"version-history":[{"count":1,"href":"https:\/\/www.corumbaonline.com.br\/news\/wp-json\/wp\/v2\/posts\/28295\/revisions"}],"predecessor-version":[{"id":28297,"href":"https:\/\/www.corumbaonline.com.br\/news\/wp-json\/wp\/v2\/posts\/28295\/revisions\/28297"}],"wp:featuredmedia":[{"embeddable":true,"href":"https:\/\/www.corumbaonline.com.br\/news\/wp-json\/wp\/v2\/media\/28296"}],"wp:attachment":[{"href":"https:\/\/www.corumbaonline.com.br\/news\/wp-json\/wp\/v2\/media?parent=28295"}],"wp:term":[{"taxonomy":"category","embeddable":true,"href":"https:\/\/www.corumbaonline.com.br\/news\/wp-json\/wp\/v2\/categories?post=28295"},{"taxonomy":"post_tag","embeddable":true,"href":"https:\/\/www.corumbaonline.com.br\/news\/wp-json\/wp\/v2\/tags?post=28295"}],"curies":[{"name":"wp","href":"https:\/\/api.w.org\/{rel}","templated":true}]}}