{"id":28642,"date":"2019-02-21T17:38:34","date_gmt":"2019-02-21T20:38:34","guid":{"rendered":"http:\/\/www.corumbaonline.com.br\/news\/?p=28642"},"modified":"2019-02-21T18:02:41","modified_gmt":"2019-02-21T21:02:41","slug":"franca-anuncia-medidas-contra-o-antissemitismo","status":"publish","type":"post","link":"https:\/\/www.corumbaonline.com.br\/news\/franca-anuncia-medidas-contra-o-antissemitismo\/","title":{"rendered":"Fran\u00e7a anuncia medidas contra o antissemitismo"},"content":{"rendered":"<p>O governo da Fran\u00e7a anunciou\u00a0medidas para combater o crescimento do antissemitismo no pa\u00eds, ap\u00f3s uma s\u00e9rie de ataques contra judeus e profana\u00e7\u00f5es de locais judaicos nas \u00faltimas semanas.<\/p>\n<p>Entre elas, o pa\u00eds vai adotar oficialmente a defini\u00e7\u00e3o estabelecida pela Alian\u00e7a Internacional de Mem\u00f3ria do Holocausto (IHRA, na sigla em ingl\u00eas) para o termo antissemitismo. O grupo define a express\u00e3o como &#8220;negar aos judeus seu direito \u00e0 autodetermina\u00e7\u00e3o, ao alegar, por exemplo, que a exist\u00eancia do Estado de Israel \u00e9 um esfor\u00e7o racista&#8221;.<\/p>\n<p>O presidente franc\u00eas, Emmanuel Macron, afirmou nesta quarta-feira (20\/02), em um evento do Conselho Representativo das Institui\u00e7\u00f5es Judaicas da Fran\u00e7a (Crif, na sigla em franc\u00eas), que a medida pode ajudar a guiar policiais, ju\u00edzes e professores em seus trabalhos di\u00e1rios.<\/p>\n<p>Desde que a IHRA aprovou a defini\u00e7\u00e3o de antissemitismo em 2016, opositores de Israel t\u00eam lan\u00e7ado uma s\u00e9rie de cr\u00edticas, afirmando que a defini\u00e7\u00e3o pode ser usada para\u00a0reprimir ativistas pr\u00f3-Palestina e amea\u00e7ar a liberdade de express\u00e3o.<\/p>\n<p>Macron, contudo, disse concordar com a defini\u00e7\u00e3o internacional do termo e defendeu a ado\u00e7\u00e3o dela no pa\u00eds. &#8220;O antissionismo \u00e9 uma das formas modernas de antissemitismo&#8221;, afirmou ele em Paris.\u00a0&#8220;Por tr\u00e1s da nega\u00e7\u00e3o \u00e0 exist\u00eancia de Israel se esconde o \u00f3dio aos judeus.&#8221;<\/p>\n<p>O presidente acrescentou que o\u00a0&#8220;ressurgimento do antissemitismo [na Fran\u00e7a] \u00e9 algo provavelmente sem precedentes desde o fim da Segunda Guerra Mundial&#8221;. Ele atribuiu essa tend\u00eancia ao crescimento do &#8220;islamismo radical&#8221; nas comunidades multi\u00e9tnicas francesas.<\/p>\n<p>A ado\u00e7\u00e3o da defini\u00e7\u00e3o de antissemitismo\u00a0pela\u00a0Fran\u00e7a, pa\u00eds\u00a0que abriga a maior comunidade judaica da Europa, com cerca de 550 mil pessoas, foi bem recebida pelo primeiro-ministro de Israel, Benjamin\u00a0Netanyahu, que telefonou ao presidente franc\u00eas para expressar sua satisfa\u00e7\u00e3o.<\/p>\n<p>Al\u00e9m da medida, Macron anunciou tamb\u00e9m que seu partido vai enviar em maio ao Parlamento franc\u00eas\u00a0um projeto de lei para exigir que as m\u00eddias sociais removam conte\u00fados com discurso de \u00f3dio de suas plataformas, al\u00e9m de identificar os autores dessas postagens, com a maior rapidez poss\u00edvel. Ele mencionou\u00a0uma\u00a0lei semelhante que j\u00e1 est\u00e1 em vigor na Alemanha, classificando-a de\u00a0pragm\u00e1tica e eficiente.<\/p>\n<p>A lei alem\u00e3 estabelece que\u00a0discursos de \u00f3dio devem ser removidos das plataformas dentro de um prazo de 24 horas ap\u00f3s o conte\u00fado ser denunciado. Em certos casos, o n\u00e3o cumprimento da lei pode gerar multas de milh\u00f5es de euros.<\/p>\n<p>Macron criticou o Twitter por levar dias ou at\u00e9 semanas para remover tais conte\u00fados e ajudar as autoridades em investiga\u00e7\u00f5es judiciais. Ao mesmo tempo, fez elogios \u00e0 decis\u00e3o do Facebook, no ano passado, de permitir a a\u00e7\u00e3o de reguladores franceses dentro da empresa para contribuir na melhora das pr\u00e1ticas de combate ao discurso de \u00f3dio.<\/p>\n<p>O presidente informou ainda que ordenou ao ministro franc\u00eas do Interior, Christophe Castaner, a dissolvi\u00e7\u00e3o de grupos ou associa\u00e7\u00f5es que incitem o \u00f3dio e a viol\u00eancia.<\/p>\n<p>A Fran\u00e7a tem sido alvo recente de ataques antissemitas. Nesta quarta-feira, a\u00a0promotoria p\u00fablica de Paris disse\u00a0que um homem foi preso ap\u00f3s uma enxurrada de declara\u00e7\u00f5es de \u00f3dio contra o fil\u00f3sofo judeu Alain Finkielkraut durante uma manifesta\u00e7\u00e3o dos chamados\u00a0&#8220;coletes amarelos&#8221;. Alguns dos insultos proferidos inclu\u00edam frases como &#8220;volte para Tel Aviv&#8221;, &#8220;sionista&#8221; e &#8220;n\u00f3s somos a Fran\u00e7a&#8221;.<\/p>\n<p>Nos \u00faltimos dias, os &#8220;coletes amarelos&#8221;, que ganharam fama ao realizar uma s\u00e9rie de protestos contra o governo Macron, v\u00eam sendo acusados de antissemitismo. Uma pesquisa apontou que quase\u00a0metade dos apoiadores do grupo acredita que exista uma &#8220;conspira\u00e7\u00e3o sionista&#8221; global e outras teorias conspirat\u00f3rias.<\/p>\n<p>Na semana passada, su\u00e1sticas foram pichadas em caixas de correios que exibiam o rosto da sobrevivente do Holocausto\u00a0Simone Veil, uma das personalidades pol\u00edticas mais reverenciadas da Fran\u00e7a. Em outro caso, a palavra <em>Juden <\/em>(judeus, em alem\u00e3o) foi escrita em letras amarelas na fachada de uma padaria judaica em Paris, em clara refer\u00eancia ao passado nazista.<\/p>\n<p>O memorial ao jovem judeu Ilan Halimi, morto em 2006 aos 23 anos ap\u00f3s ser sequestrado e torturado, tamb\u00e9m foi profanado. H\u00e1 poucos dias, 96 l\u00e1pides de um cemit\u00e9rio judaico no vilarejo de Quatzenheim, pr\u00f3ximo a Estrasburgo, foram pichadas com su\u00e1sticas e frases contra os judeus.<\/p>\n<p>Estat\u00edsticas do governo franc\u00eas afirmam que apenas no ano passado foram mais de 500 ocorr\u00eancias, o que equivale a um aumento de 74% em rela\u00e7\u00e3o a 2017. &#8220;Este \u00e9 o nosso fracasso&#8221;, disse Macron. &#8220;Chegou a hora de agir.&#8221;<\/p>\n","protected":false},"excerpt":{"rendered":"<p>O governo da Fran\u00e7a anunciou\u00a0medidas para combater o crescimento do antissemitismo no pa\u00eds, ap\u00f3s uma&#8230;<\/p>\n","protected":false},"author":1,"featured_media":0,"comment_status":"closed","ping_status":"closed","sticky":false,"template":"","format":"standard","meta":{"footnotes":""},"categories":[15],"tags":[],"class_list":["post-28642","post","type-post","status-publish","format-standard","hentry","category-internacional"],"_links":{"self":[{"href":"https:\/\/www.corumbaonline.com.br\/news\/wp-json\/wp\/v2\/posts\/28642","targetHints":{"allow":["GET"]}}],"collection":[{"href":"https:\/\/www.corumbaonline.com.br\/news\/wp-json\/wp\/v2\/posts"}],"about":[{"href":"https:\/\/www.corumbaonline.com.br\/news\/wp-json\/wp\/v2\/types\/post"}],"author":[{"embeddable":true,"href":"https:\/\/www.corumbaonline.com.br\/news\/wp-json\/wp\/v2\/users\/1"}],"replies":[{"embeddable":true,"href":"https:\/\/www.corumbaonline.com.br\/news\/wp-json\/wp\/v2\/comments?post=28642"}],"version-history":[{"count":1,"href":"https:\/\/www.corumbaonline.com.br\/news\/wp-json\/wp\/v2\/posts\/28642\/revisions"}],"predecessor-version":[{"id":28643,"href":"https:\/\/www.corumbaonline.com.br\/news\/wp-json\/wp\/v2\/posts\/28642\/revisions\/28643"}],"wp:attachment":[{"href":"https:\/\/www.corumbaonline.com.br\/news\/wp-json\/wp\/v2\/media?parent=28642"}],"wp:term":[{"taxonomy":"category","embeddable":true,"href":"https:\/\/www.corumbaonline.com.br\/news\/wp-json\/wp\/v2\/categories?post=28642"},{"taxonomy":"post_tag","embeddable":true,"href":"https:\/\/www.corumbaonline.com.br\/news\/wp-json\/wp\/v2\/tags?post=28642"}],"curies":[{"name":"wp","href":"https:\/\/api.w.org\/{rel}","templated":true}]}}