{"id":28715,"date":"2019-02-23T11:46:58","date_gmt":"2019-02-23T15:46:58","guid":{"rendered":"http:\/\/www.corumbaonline.com.br\/news\/?p=28715"},"modified":"2019-02-23T11:26:50","modified_gmt":"2019-02-23T15:26:50","slug":"em-manha-tensa-na-fronteira-maduro-e-guaido-convocam-manifestacoes","status":"publish","type":"post","link":"https:\/\/www.corumbaonline.com.br\/news\/em-manha-tensa-na-fronteira-maduro-e-guaido-convocam-manifestacoes\/","title":{"rendered":"Em manh\u00e3 tensa na fronteira, Maduro e Guaid\u00f3 convocam manifesta\u00e7\u00f5es"},"content":{"rendered":"<p>O autodeclarado presidente em exerc\u00edcio da Venezuela Juan Guaid\u00f3 publicou mensagem no Twitter, neste s\u00e1bado (23), convocando a popula\u00e7\u00e3o para uma mobiliza\u00e7\u00e3o em massa pelas ruas do pa\u00eds para pressionar as For\u00e7as Armadas [FANB] a deixar que caminh\u00f5es com doa\u00e7\u00f5es de cunho humanit\u00e1rio entrem no pa\u00eds. Est\u00e1 prevista pra hoje a\u00a0<a href=\"http:\/\/agenciabrasil.ebc.com.br\/internacional\/noticia\/2019-02\/acao-e-exclusivamente-de-ajuda-humanitaria-diz-o-porta-voz\" target=\"_blank\" rel=\"noopener\">entrega de alimentos e medicamentos<\/a>\u00a0para a popula\u00e7\u00e3o da Venezuela pelas fronteiras do Brasil e de Col\u00f4mbia.<\/p>\n<p>&#8220;Vamos em paz, sem viol\u00eancia e com determina\u00e7\u00e3o de mudan\u00e7as para exigir que a ajuda humanit\u00e1ria entre\u201d, publicou Guaid\u00f3 orientando os manifestantes a vestirem branco e entregarem mensagens a militares em quart\u00e9is para apoiarem a entrada da ajuda no pa\u00eds.<\/p>\n<div class=\"SandboxRoot env-bp-350\" data-twitter-event-id=\"0\">\n<div id=\"twitter-widget-0\" class=\"EmbeddedTweet EmbeddedTweet--cta js-clickToOpenTarget tweet-InformationCircle-widgetParent\" lang=\"pt\" data-click-to-open-target=\"https:\/\/twitter.com\/jguaido\/status\/1099278683574071297\" data-iframe-title=\"Tweet do Twitter\" data-scribe=\"page:tweet\" data-twitter-event-id=\"3\">\n<div class=\"EmbeddedTweet-tweetContainer\">\n<div class=\"EmbeddedTweet-tweet\">\n<blockquote class=\"Tweet h-entry js-tweetIdInfo subject expanded\" cite=\"https:\/\/twitter.com\/jguaido\/status\/1099278683574071297\" data-tweet-id=\"1099278683574071297\" data-scribe=\"section:subject\">\n<div class=\"Tweet-header\"><a class=\"TweetAuthor-avatar  Identity-avatar u-linkBlend\" href=\"https:\/\/twitter.com\/jguaido\" data-scribe=\"element:user_link\" aria-label=\"Juan Guaid\u00f3 (nome de tela: jguaido)\"><img decoding=\"async\" class=\"Avatar\" src=\"https:\/\/pbs.twimg.com\/profile_images\/1084274289090744320\/M10oqLPc_normal.jpg\" alt=\"\" data-scribe=\"element:avatar\" data-src-2x=\"https:\/\/pbs.twimg.com\/profile_images\/1084274289090744320\/M10oqLPc_bigger.jpg\" data-src-1x=\"https:\/\/pbs.twimg.com\/profile_images\/1084274289090744320\/M10oqLPc_normal.jpg\" \/><\/a><\/p>\n<div class=\"TweetAuthor js-inViewportScribingTarget\" data-scribe=\"component:author\">\n<div class=\"TweetAuthor-nameScreenNameContainer\"><span class=\"TweetAuthor-decoratedName\"><span class=\"TweetAuthor-name Identity-name customisable-highlight\" title=\"Juan Guaid\u00f3\" data-scribe=\"element:name\">Juan Guaid\u00f3<\/span><\/span><\/p>\n<div class=\"Icon Icon--verified \" title=\"Conta Verificada\" role=\"img\" aria-label=\"Conta Verificada\"><\/div>\n<p><span class=\"TweetAuthor-decoratedName\"><span class=\"TweetAuthor-verifiedBadge\" data-scribe=\"element:verified_badge\"><b class=\"u-hiddenVisually\">&#x2714;<\/b><\/span><\/span><span class=\"TweetAuthor-screenName Identity-screenName\" dir=\"ltr\" title=\"@jguaido\" data-scribe=\"element:screen_name\">@jguaido<\/span><\/div>\n<\/div>\n<div class=\"Tweet-brand\">\n<div class=\"Icon Icon--twitter \" title=\"Ver no Twitter\" role=\"presentation\" aria-label=\"Ver no Twitter\"><\/div>\n<\/div>\n<\/div>\n<div class=\"Tweet-body e-entry-content\" data-scribe=\"component:tweet\">\n<div class=\"u-hiddenVisually js-inViewportScribingTarget\"><\/div>\n<p class=\"Tweet-text e-entry-title\" dir=\"ltr\" lang=\"es\">Venezuela, lleg\u00f3 el d\u00eda en el que daremos el paso para lograr el ingreso de la ayuda humanitaria.<\/p>\n<p>Desde nuestras fronteras, por mar y tierra, traeremos la esperanza, la comida y las medicinas para los m\u00e1s necesitados. <a class=\"PrettyLink hashtag customisable\" dir=\"ltr\" href=\"https:\/\/twitter.com\/hashtag\/23FVzlaALaCalle?src=hash\" rel=\"tag\" data-query-source=\"hashtag_click\" data-scribe=\"element:hashtag\"><span class=\"PrettyLink-prefix\">#<\/span><span class=\"PrettyLink-value\">23FVzlaALaCalle<\/span><\/a><\/p>\n<div class=\"TweetInfo\">\n<div class=\"TweetInfo-like\">\n<div data-scribe=\"element:heart\">\n<div class=\"Icon Icon--heart \" title=\"Curtiu\" role=\"img\" aria-label=\"Curtiu\"><\/div>\n<\/div>\n<p><a class=\"TweetInfo-heart\" title=\"Curtiu\" href=\"https:\/\/twitter.com\/intent\/like?tweet_id=1099278683574071297\" data-scribe=\"component:actions\"><span class=\"TweetInfo-heartStat\" data-scribe=\"element:heart_count\">34,6\u00a0mil<\/span><\/a><\/div>\n<div class=\"TweetInfo-timeGeo\"><a class=\"u-linkBlend u-url customisable-highlight long-permalink\" href=\"https:\/\/twitter.com\/jguaido\/status\/1099278683574071297\" data-datetime=\"2019-02-23T12:03:56+0000\" data-scribe=\"element:full_timestamp\"><time class=\"dt-updated\" title=\"Hor\u00e1rio da publica\u00e7\u00e3o: 23 de fevereiro de 2019 12:03:56 (UTC)\" datetime=\"2019-02-23T12:03:56+0000\">08:03 &#8211; 23 de fev de 2019<\/time><\/a><\/div>\n<div class=\"tweet-InformationCircle\" data-scribe=\"element:notice\"><a class=\"Icon Icon--informationCircleWhite js-inViewportScribingTarget\" title=\"Informa\u00e7\u00f5es e privacidade no Twitter Ads\" href=\"https:\/\/support.twitter.com\/articles\/20175256\"><span class=\"u-hiddenVisually\">Informa\u00e7\u00f5es e privacidade no Twitter Ads<\/span><\/a><\/div>\n<\/div>\n<\/div>\n<\/blockquote>\n<\/div>\n<div class=\"CallToAction-icon\" data-scribe=\"element:conversation_icon\">\n<div class=\"Icon Icon--replyCTA \" title=\"Ver a conversa no Twitter\" role=\"img\" aria-label=\"Ver a conversa no Twitter\"><\/div>\n<\/div>\n<div class=\"CallToAction-text\" data-scribe=\"element:conversation_text\">21,5\u00a0mil pessoas est\u00e3o falando sobre isso<\/div>\n<div class=\"CallToAction-chevron\" data-scribe=\"element:cta_chevron\">\n<div class=\"Icon Icon--chevronRightCTA \" title=\"Ver no Twitter\" role=\"img\" aria-label=\"Ver no Twitter\"><\/div>\n<\/div>\n<\/div>\n<\/div>\n<div class=\"resize-sensor\">\n<div class=\"resize-sensor-expand\">\n<div><\/div>\n<\/div>\n<div class=\"resize-sensor-shrink\">\n<div><\/div>\n<\/div>\n<\/div>\n<\/div>\n<p>Guaid\u00f3 tamb\u00e9m advertiu as FANB: &#8220;Hoje voc\u00eas t\u00eam a vida de centenas de milhares de Venezuelanos em suas m\u00e3os. Todo o pa\u00eds e o mundo est\u00e3o com os olhos voltados a voc\u00eas. Decidam bem&#8221;.<\/p>\n<h2>Tens\u00e3o nas fronteiras<\/h2>\n<p>As fronteiras do pa\u00eds com Brasil e Col\u00f4mbia\u00a0<a href=\"http:\/\/agenciabrasil.ebc.com.br\/internacional\/noticia\/2019-02\/maduro-anuncia-fechamento-da-fronteira-com-o-brasil-partir-das-20h\" target=\"_blank\" rel=\"noopener\">foram fechadas<\/a>\u00a0por ordem do presidente Nicol\u00e1s Maduro. Os apoiadores do presidente chavista tamb\u00e9m prometem uma \u201cmobiliza\u00e7\u00e3o revolucion\u00e1ria\u201d neste s\u00e1bado em Caracas, capital da Venezuela, \u201cem rejei\u00e7\u00e3o a pr\u00e1ticas intervencionistas do governo dos Estados Unidos\u201d, que como o Brasil apoiam Juan Guaid\u00f3. Maduro deixou em alerta as For\u00e7as Armadas Nacionais Bolivarinas.<\/p>\n<p>Na manh\u00e3 deste s\u00e1bado, tamb\u00e9m pelas redes sociais, a vice-presidente do governo de Maduro comunicou a ordem de fechamento de tr\u00eas pontes que ligam a Venezuela \u00e0 Col\u00f4mbia.<\/p>\n<div class=\"SandboxRoot env-bp-350\" data-twitter-event-id=\"1\">\n<div id=\"twitter-widget-1\" class=\"EmbeddedTweet EmbeddedTweet--cta js-clickToOpenTarget tweet-InformationCircle-widgetParent\" lang=\"pt\" data-click-to-open-target=\"https:\/\/twitter.com\/DrodriguezVen\/status\/1099128141111537664\" data-iframe-title=\"Tweet do Twitter\" data-scribe=\"page:tweet\" data-twitter-event-id=\"2\">\n<div class=\"EmbeddedTweet-tweetContainer\">\n<div class=\"EmbeddedTweet-tweet\">\n<blockquote class=\"Tweet h-entry js-tweetIdInfo subject expanded\" cite=\"https:\/\/twitter.com\/DrodriguezVen\/status\/1099128141111537664\" data-tweet-id=\"1099128141111537664\" data-scribe=\"section:subject\">\n<div class=\"Tweet-header\"><a class=\"TweetAuthor-avatar  Identity-avatar u-linkBlend\" href=\"https:\/\/twitter.com\/DrodriguezVen\" data-scribe=\"element:user_link\" aria-label=\"Delcy Rodr\u00edguez (nome de tela: DrodriguezVen)\"><img decoding=\"async\" class=\"Avatar\" src=\"https:\/\/pbs.twimg.com\/profile_images\/1023930227901313024\/XeACrPjI_normal.jpg\" alt=\"\" data-scribe=\"element:avatar\" data-src-2x=\"https:\/\/pbs.twimg.com\/profile_images\/1023930227901313024\/XeACrPjI_bigger.jpg\" data-src-1x=\"https:\/\/pbs.twimg.com\/profile_images\/1023930227901313024\/XeACrPjI_normal.jpg\" \/><\/a><\/p>\n<div class=\"TweetAuthor js-inViewportScribingTarget\" data-scribe=\"component:author\">\n<div class=\"TweetAuthor-nameScreenNameContainer\"><span class=\"TweetAuthor-decoratedName\"><span class=\"TweetAuthor-name Identity-name customisable-highlight\" title=\"Delcy Rodr\u00edguez\" data-scribe=\"element:name\">Delcy Rodr\u00edguez<\/span><\/span><span class=\"TweetAuthor-screenName Identity-screenName\" dir=\"ltr\" title=\"@DrodriguezVen\" data-scribe=\"element:screen_name\">@DrodriguezVen<\/span><\/div>\n<\/div>\n<div class=\"Tweet-brand\">\n<div class=\"Icon Icon--twitter \" title=\"Ver no Twitter\" role=\"presentation\" aria-label=\"Ver no Twitter\"><\/div>\n<\/div>\n<\/div>\n<div class=\"Tweet-body e-entry-content\" data-scribe=\"component:tweet\">\n<div class=\"u-hiddenVisually js-inViewportScribingTarget\"><\/div>\n<p class=\"Tweet-text e-entry-title\" dir=\"ltr\" lang=\"es\">El Gobierno Bolivariano informa a la poblaci\u00f3n que, debido a las serias e ilegales amenazas intentadas por el Gobierno de Colombia contra La Paz y la soberan\u00eda de Venezuela, ha tomado la decisi\u00f3n de un cierre total temporal de los puentes Sim\u00f3n Bol\u00edvar, Santander y Uni\u00f3n!<\/p>\n<div class=\"TweetInfo\">\n<div class=\"TweetInfo-like\">\n<div data-scribe=\"element:heart\">\n<div class=\"Icon Icon--heart \" title=\"Curtiu\" role=\"img\" aria-label=\"Curtiu\"><\/div>\n<\/div>\n<p><a class=\"TweetInfo-heart\" title=\"Curtiu\" href=\"https:\/\/twitter.com\/intent\/like?tweet_id=1099128141111537664\" data-scribe=\"component:actions\"><span class=\"TweetInfo-heartStat\" data-scribe=\"element:heart_count\">5.077<\/span><\/a><\/div>\n<div class=\"TweetInfo-timeGeo\"><a class=\"u-linkBlend u-url customisable-highlight long-permalink\" href=\"https:\/\/twitter.com\/DrodriguezVen\/status\/1099128141111537664\" data-datetime=\"2019-02-23T02:05:44+0000\" data-scribe=\"element:full_timestamp\"><time class=\"dt-updated\" title=\"Hor\u00e1rio da publica\u00e7\u00e3o: 23 de fevereiro de 2019 02:05:44 (UTC)\" datetime=\"2019-02-23T02:05:44+0000\">22:05 &#8211; 22 de fev de 2019<\/time><\/a><\/div>\n<div class=\"tweet-InformationCircle\" data-scribe=\"element:notice\"><a class=\"Icon Icon--informationCircleWhite js-inViewportScribingTarget\" title=\"Informa\u00e7\u00f5es e privacidade no Twitter Ads\" href=\"https:\/\/support.twitter.com\/articles\/20175256\"><span class=\"u-hiddenVisually\">Informa\u00e7\u00f5es e privacidade no Twitter Ads<\/span><\/a><\/div>\n<\/div>\n<\/div>\n<\/blockquote>\n<\/div>\n<div class=\"CallToAction-icon\" data-scribe=\"element:conversation_icon\">\n<div class=\"Icon Icon--replyCTA \" title=\"Ver a conversa no Twitter\" role=\"img\" aria-label=\"Ver a conversa no Twitter\"><\/div>\n<\/div>\n<div class=\"CallToAction-text\" data-scribe=\"element:conversation_text\">9.529 pessoas est\u00e3o falando sobre isso<\/div>\n<div class=\"CallToAction-chevron\" data-scribe=\"element:cta_chevron\">\n<div class=\"Icon Icon--chevronRightCTA \" title=\"Ver no Twitter\" role=\"img\" aria-label=\"Ver no Twitter\"><\/div>\n<\/div>\n<\/div>\n<\/div>\n<div class=\"resize-sensor\">\n<div class=\"resize-sensor-expand\">\n<div><\/div>\n<\/div>\n<div class=\"resize-sensor-shrink\">\n<div><\/div>\n<\/div>\n<\/div>\n<\/div>\n<p>O deputado Assembleia Nacional Venezuelana Miguel Pizarro, presidente da comiss\u00e3o especial para a ajuda humanit\u00e1ria, orienta que os manifestantes digam aos militares que o prop\u00f3sito de ajuda \u00e9 humanit\u00e1rio: \u201cn\u00e3o \u00e9 para confrontar as For\u00e7as Armadas\u201d e que a entrada dos mantimentos \u201cn\u00e3o \u00e9 uma derrota aos militares, porque eles sofrem o mesmo que n\u00f3s\u201d.<\/p>\n<p>Ontem, o dia come\u00e7ou tenso e com confrontos entre militares e manifestantes na fronteira do Brasil com a Venezuela. De acordo com parlamentares,\u00a0<a href=\"http:\/\/agenciabrasil.ebc.com.br\/internacional\/noticia\/2019-02\/confrontos-na-fronteira-com-venezuela-deixa-2-mortos-e-15-feridos\" target=\"_blank\" rel=\"noopener\">duas pessoas morreram<\/a>\u00a0e 15 ficaram feridas. Pelo menos sete venezuelanos baleados foram conduzidos para hospitais em Boa Vista, Roraima. As v\u00edtimas s\u00e3o ind\u00edgenas, segundo parlamentares e organiza\u00e7\u00f5es n\u00e3o governament<\/p>\n<div class=\"dnd-widget-wrapper context-cheio_8colunas type-image\">\n<div class=\"dnd-atom-rendered\">\n<figure class=\"mejs-fotoh-wrapper\"><img decoding=\"async\" class=\"img-responsive full full\" title=\"Ricardo Moraes\/Reuters\/direitos reservados\" src=\"http:\/\/imagens.ebc.com.br\/gTTF0B5JhU_JwxcSiryK6xt8eFc=\/754x0\/smart\/http:\/\/agenciabrasil.ebc.com.br\/sites\/default\/files\/thumbnails\/image\/2019-02-22t161510z_1378565257_rc1b2c722b50_rtrmadp_3_venezuela-politics-brazil.jpg?itok=jTS_mIaO\" alt=\"Ambul\u00e2ncia que transportava pessoas feridas durante confrontos no sul da cidade venezuelana de Kumarakapay, perto da fronteira com o Brasil, \u00e9 assistida por pessoas na fronteira entre a Venezuela e o Brasil, em Pacaraima.\" \/><\/figure>\n<\/div>\n<div class=\"dnd-caption-wrapper\">\n<h6 class=\"meta\">Ambul\u00e2ncia que transportava pessoas feridas durante confrontos no sul da cidade venezuelana de Kumarakapay, perto da fronteira com o Brasil, \u00e9 assistida por pessoas na fronteira entre a Venezuela e o Brasil, em Pacaraima. &#8211;\u00a0<strong>Ricardo Moraes\/Reuters\/direitos reservados<\/strong><\/h6>\n<\/div>\n<\/div>\n","protected":false},"excerpt":{"rendered":"<p>O autodeclarado presidente em exerc\u00edcio da Venezuela Juan Guaid\u00f3 publicou mensagem no Twitter, neste s\u00e1bado&#8230;<\/p>\n","protected":false},"author":1,"featured_media":0,"comment_status":"closed","ping_status":"closed","sticky":false,"template":"","format":"standard","meta":{"footnotes":""},"categories":[15],"tags":[],"class_list":["post-28715","post","type-post","status-publish","format-standard","hentry","category-internacional"],"_links":{"self":[{"href":"https:\/\/www.corumbaonline.com.br\/news\/wp-json\/wp\/v2\/posts\/28715","targetHints":{"allow":["GET"]}}],"collection":[{"href":"https:\/\/www.corumbaonline.com.br\/news\/wp-json\/wp\/v2\/posts"}],"about":[{"href":"https:\/\/www.corumbaonline.com.br\/news\/wp-json\/wp\/v2\/types\/post"}],"author":[{"embeddable":true,"href":"https:\/\/www.corumbaonline.com.br\/news\/wp-json\/wp\/v2\/users\/1"}],"replies":[{"embeddable":true,"href":"https:\/\/www.corumbaonline.com.br\/news\/wp-json\/wp\/v2\/comments?post=28715"}],"version-history":[{"count":1,"href":"https:\/\/www.corumbaonline.com.br\/news\/wp-json\/wp\/v2\/posts\/28715\/revisions"}],"predecessor-version":[{"id":28716,"href":"https:\/\/www.corumbaonline.com.br\/news\/wp-json\/wp\/v2\/posts\/28715\/revisions\/28716"}],"wp:attachment":[{"href":"https:\/\/www.corumbaonline.com.br\/news\/wp-json\/wp\/v2\/media?parent=28715"}],"wp:term":[{"taxonomy":"category","embeddable":true,"href":"https:\/\/www.corumbaonline.com.br\/news\/wp-json\/wp\/v2\/categories?post=28715"},{"taxonomy":"post_tag","embeddable":true,"href":"https:\/\/www.corumbaonline.com.br\/news\/wp-json\/wp\/v2\/tags?post=28715"}],"curies":[{"name":"wp","href":"https:\/\/api.w.org\/{rel}","templated":true}]}}