{"id":28894,"date":"2019-03-01T08:56:49","date_gmt":"2019-03-01T12:56:49","guid":{"rendered":"http:\/\/www.corumbaonline.com.br\/news\/?p=28894"},"modified":"2019-03-01T09:24:06","modified_gmt":"2019-03-01T13:24:06","slug":"cursos-na-area-da-beleza-e-comercio-sao-opcoes-no-senac-de-corumba","status":"publish","type":"post","link":"https:\/\/www.corumbaonline.com.br\/news\/cursos-na-area-da-beleza-e-comercio-sao-opcoes-no-senac-de-corumba\/","title":{"rendered":"Cursos na \u00e1rea da beleza e com\u00e9rcio s\u00e3o op\u00e7\u00f5es no Senac de Corumb\u00e1"},"content":{"rendered":"<p>O Senac de Corumb\u00e1 est\u00e1 com inscri\u00e7\u00f5es abertas para quatro cursos na \u00e1rea da beleza e um na \u00e1rea do com\u00e9rcio, com in\u00edcio no m\u00eas de mar\u00e7o. A primeira op\u00e7\u00e3o \u00e9 o curso\u00a0<b>Operador de Caixa<\/b>, com in\u00edcio dia 11 de mar\u00e7o.<\/p>\n<p>O profissional aprende a realizar o atendimento ao cliente em empresas de pequeno, m\u00e9dio e grande porte de diversas \u00e1reas de varejo, atacado, entretenimento e servi\u00e7os. \u00c9 o profissional respons\u00e1vel por realizar abertura e fechamento de caixa, registro de entradas de valores e sa\u00eddas de produtos e servi\u00e7os, seguindo as normas e diretrizes da empresa.<\/p>\n<p>Na \u00e1rea da beleza a primeira op\u00e7\u00e3o \u00e9 o curso\u00a0<b>Design de Mechas e de Cor<\/b>, com in\u00edcio dia 11 de mar\u00e7o. Desenvolve habilidades no profissional cabeleireiro de colorir, descolorir, fazer mechas e personalizar as cores da fibra capilar de acordo com t\u00e9cnicas de visagismo e colorimetria.<\/p>\n<p>Outra op\u00e7\u00e3o \u00e9 o curso de\u00a0<b>Cabeleireiro<\/b>, com in\u00edcio dia 12 de mar\u00e7o. O curso qualifica o profissional para fazer transforma\u00e7\u00f5es no visual do cliente, como execu\u00e7\u00e3o de cortes, penteados, colora\u00e7\u00e3o, descolora\u00e7\u00e3o, mudan\u00e7as no volume e curvatura dos cabelos, considerando o estilo e o biotipo de cada pessoa, para compor uma imagem harmoniosa. Para se inscrever \u00e9 preciso idade m\u00ednima de 18 anos e ensino fundamental completo.<\/p>\n<p>Tem ainda o curso de\u00a0<b>Barbeiro<\/b>, que ensina a reconstruir, alterar estrutura e cor, modelagem e corte de cabelos masculinos, al\u00e9m de fazer barba e bigode, aliados \u00e0s t\u00e9cnicas de visagismo. As aulas t\u00eam in\u00edcio dia 19 de mar\u00e7o, no per\u00edodo noturno. Os servi\u00e7os de beleza destinados ao p\u00fablico masculino t\u00eam ganhado destaque, especialmente no que se refere \u00e0 barba e ao cabelo, j\u00e1 demonstrando um potencial de consumo semelhante ao das mulheres.<\/p>\n<p>Quem exerce a profiss\u00e3o de maquiador e quer ampliar o servi\u00e7o, a op\u00e7\u00e3o \u00e9 o curso de\u00a0<b>Penteados para Maquiadores<\/b>, com in\u00edcio dia 25 de mar\u00e7o, no per\u00edodo noturno. O objetivo \u00e9 ampliar o portf\u00f3lio de servi\u00e7os desse profissional, para que possa atender de maneira integral a clientela, j\u00e1 que maquiagem e cabelo fazem parte do visual b\u00e1sico para uma festa ou evento.<\/p>\n","protected":false},"excerpt":{"rendered":"<p>O Senac de Corumb\u00e1 est\u00e1 com inscri\u00e7\u00f5es abertas para quatro cursos na \u00e1rea da beleza&#8230;<\/p>\n","protected":false},"author":1,"featured_media":0,"comment_status":"closed","ping_status":"closed","sticky":false,"template":"","format":"standard","meta":{"footnotes":""},"categories":[14],"tags":[],"class_list":["post-28894","post","type-post","status-publish","format-standard","hentry","category-geral"],"_links":{"self":[{"href":"https:\/\/www.corumbaonline.com.br\/news\/wp-json\/wp\/v2\/posts\/28894","targetHints":{"allow":["GET"]}}],"collection":[{"href":"https:\/\/www.corumbaonline.com.br\/news\/wp-json\/wp\/v2\/posts"}],"about":[{"href":"https:\/\/www.corumbaonline.com.br\/news\/wp-json\/wp\/v2\/types\/post"}],"author":[{"embeddable":true,"href":"https:\/\/www.corumbaonline.com.br\/news\/wp-json\/wp\/v2\/users\/1"}],"replies":[{"embeddable":true,"href":"https:\/\/www.corumbaonline.com.br\/news\/wp-json\/wp\/v2\/comments?post=28894"}],"version-history":[{"count":1,"href":"https:\/\/www.corumbaonline.com.br\/news\/wp-json\/wp\/v2\/posts\/28894\/revisions"}],"predecessor-version":[{"id":28895,"href":"https:\/\/www.corumbaonline.com.br\/news\/wp-json\/wp\/v2\/posts\/28894\/revisions\/28895"}],"wp:attachment":[{"href":"https:\/\/www.corumbaonline.com.br\/news\/wp-json\/wp\/v2\/media?parent=28894"}],"wp:term":[{"taxonomy":"category","embeddable":true,"href":"https:\/\/www.corumbaonline.com.br\/news\/wp-json\/wp\/v2\/categories?post=28894"},{"taxonomy":"post_tag","embeddable":true,"href":"https:\/\/www.corumbaonline.com.br\/news\/wp-json\/wp\/v2\/tags?post=28894"}],"curies":[{"name":"wp","href":"https:\/\/api.w.org\/{rel}","templated":true}]}}