{"id":28900,"date":"2019-03-01T09:24:31","date_gmt":"2019-03-01T13:24:31","guid":{"rendered":"http:\/\/www.corumbaonline.com.br\/news\/?p=28900"},"modified":"2019-03-01T11:17:54","modified_gmt":"2019-03-01T15:17:54","slug":"pesca-nos-rios-de-ms-reabre-com-cota-reduzida-de-captura-para-pescadores-amadores","status":"publish","type":"post","link":"https:\/\/www.corumbaonline.com.br\/news\/pesca-nos-rios-de-ms-reabre-com-cota-reduzida-de-captura-para-pescadores-amadores\/","title":{"rendered":"Pesca nos rios de MS reabre com cota reduzida de captura para pescadores amadores"},"content":{"rendered":"<p>O per\u00edodo de defeso chegou ao fim e a partir desta sexta-feira (1\u00ba), os rios sul-mato-grossenses est\u00e3o reabertos para a pesca, j\u00e1 sob a vig\u00eancia do&nbsp;<a href=\"http:\/\/www.semagro.ms.gov.br\/wp-content\/uploads\/2019\/02\/Di%C3%A1rio-Oficial-n.-9.849-22-de-fevereiro-de-2019-Cota-Zero.pdf\" target=\"_blank\" rel=\"noopener\">Decreto n\u00ba 15.166<\/a>, que trouxe uma nova regulamenta\u00e7\u00e3o para a pesca amadora e desportiva no Estado. Pescadores amadores e adeptos da pesca esportiva que visitam Mato Grosso do Sul devem ficar atentos aos limites definidos no novo regramento, como a cota de cinco quilos de pescado, mais um exemplar (respeitados os tamanhos m\u00ednimo e m\u00e1ximo) e cinco piranhas.<\/p>\n<p>De acordo com Ricardo Senna, secret\u00e1rio-adjunto da Secretaria de Estado de Meio Ambiente, Desenvolvimento Econ\u00f4mico, Produ\u00e7\u00e3o e Agricultura Familiar (Semagro), \u201c\u00e9 importante lembrarmos que, neste ano, o fim do per\u00edodo de defeso ocorre na mesma \u00e9poca do feriado de Carnaval e devemos ter um fluxo maior de pescadores amadores nos pr\u00f3ximos dias. \u00c9 preciso estar atento para as mudan\u00e7as nas regras neste ano. A cota de pescado cai para cinco quilos, mais um exemplar e cinco piranhas. Al\u00e9m disso, mais esp\u00e9cies t\u00eam tamanhos a serem respeitados\u201d.<\/p>\n<p>Confira abaixo os tamanhos m\u00e1ximo e m\u00ednimo de captura para cada esp\u00e9cie, de acordo com o Decreto n\u00ba 15.166:<\/p>\n<table>\n<tbody>\n<tr>\n<td width=\"217\"><strong>Nome<\/strong><\/td>\n<td width=\"66\"><strong>Tam. M\u00ednimo<\/strong><\/td>\n<td width=\"104\"><strong>Tam. M\u00e1ximo<\/strong><\/td>\n<\/tr>\n<tr>\n<td width=\"217\">Ja\u00fa<\/td>\n<td width=\"66\">95 cm<\/td>\n<td width=\"104\">120 cm<\/td>\n<\/tr>\n<tr>\n<td width=\"217\">Cachara<\/td>\n<td width=\"66\">83 cm<\/td>\n<td width=\"104\">112 cm<\/td>\n<\/tr>\n<tr>\n<td width=\"217\">Pintado<\/td>\n<td width=\"66\">90 cm<\/td>\n<td width=\"104\">115 cm<\/td>\n<\/tr>\n<tr>\n<td width=\"217\">Pacu<\/td>\n<td width=\"66\">45 cm<\/td>\n<td width=\"104\">57 cm<\/td>\n<\/tr>\n<tr>\n<td width=\"217\">Piraputanga<\/td>\n<td width=\"66\">30 cm<\/td>\n<td width=\"104\"><em>Indeterminado<\/em><\/td>\n<\/tr>\n<tr>\n<td width=\"217\">Barbado<\/td>\n<td width=\"66\">60 cm<\/td>\n<td width=\"104\"><em>Indeterminado<\/em><\/td>\n<\/tr>\n<tr>\n<td width=\"217\">Pati<\/td>\n<td width=\"66\">65 cm<\/td>\n<td width=\"104\"><em>Indeterminado<\/em><\/td>\n<\/tr>\n<tr>\n<td width=\"217\">Jurupoca<\/td>\n<td width=\"66\">40 cm<\/td>\n<td width=\"104\"><em>Indeterminado<\/em><\/td>\n<\/tr>\n<tr>\n<td width=\"217\">Curimbat\u00e1 (curimba, Papa-terra)<\/td>\n<td width=\"66\">38 cm<\/td>\n<td width=\"104\"><em>Indeterminado<\/em><\/td>\n<\/tr>\n<tr>\n<td width=\"217\">Piavu\u00e7u<\/td>\n<td width=\"66\">38 cm<\/td>\n<td width=\"104\"><em>Indeterminado<\/em><\/td>\n<\/tr>\n<tr>\n<td width=\"217\">Jurupens\u00e9m<\/td>\n<td width=\"66\">35 cm<\/td>\n<td width=\"104\"><em>Indeterminado<\/em><\/td>\n<\/tr>\n<tr>\n<td width=\"217\">Armao, armado, abotoado<\/td>\n<td width=\"66\">35 cm<\/td>\n<td width=\"104\"><em>Indeterminado<\/em><\/td>\n<\/tr>\n<tr>\n<td width=\"217\">Cascudo-abacaxi<\/td>\n<td width=\"66\">30 cm<\/td>\n<td width=\"104\"><em>Indeterminado<\/em><\/td>\n<\/tr>\n<tr>\n<td width=\"217\">Cascudo, acari<\/td>\n<td width=\"66\">30 cm<\/td>\n<td width=\"104\"><em>Indeterminado<\/em><\/td>\n<\/tr>\n<tr>\n<td width=\"217\">Corvina<\/td>\n<td width=\"66\">30 cm<\/td>\n<td width=\"104\"><em>Indeterminado<\/em><\/td>\n<\/tr>\n<tr>\n<td width=\"217\">Cascudo-preto<\/td>\n<td width=\"66\">25 cm<\/td>\n<td width=\"104\"><em>Indeterminado<\/em><\/td>\n<\/tr>\n<tr>\n<td width=\"217\">Mandi, mandi amarelo<\/td>\n<td width=\"66\">25 cm<\/td>\n<td width=\"104\"><em>Indeterminado<\/em><\/td>\n<\/tr>\n<tr>\n<td width=\"217\">Piau<\/td>\n<td width=\"66\">25 cm<\/td>\n<td width=\"104\"><em>Indeterminado<\/em><\/td>\n<\/tr>\n<tr>\n<td width=\"217\">Piau-Tr\u00eas-Pintas<\/td>\n<td width=\"66\">25 cm<\/td>\n<td width=\"104\"><em>Indeterminado<\/em><\/td>\n<\/tr>\n<tr>\n<td width=\"217\">Pacupeva<\/td>\n<td width=\"66\">20 cm<\/td>\n<td width=\"104\"><em>Indeterminado<\/em><\/td>\n<\/tr>\n<tr>\n<td width=\"217\">Palmito<\/td>\n<td width=\"66\">35 cm<\/td>\n<td width=\"104\"><em>Indeterminado<\/em><\/td>\n<\/tr>\n<\/tbody>\n<\/table>\n<p>O secret\u00e1rio-adjunto da Semagro tamb\u00e9m lembra que as mudan\u00e7as implantadas neste ano de 2019 em rela\u00e7\u00e3o \u00e0 quantidade de pescado permitida para os pescadores amadores e esportivos, t\u00eam por objetivo estabelecer de forma gradual a \u201ccota zero\u201d para a pesca amadora a partir do pr\u00f3ximo ano, medida que deve permitir a recupera\u00e7\u00e3o dos estoques pesqueiros dos rios do Estado.<\/p>\n<p>\u201cO decreto estabelece a \u201ccota zero\u201d a partir de 2020 no Estado, mas apenas para o pescador amador e desportivo. N\u00f3s n\u00e3o mexemos nas demais modalidades de pesca. A pesca cient\u00edfica, a pesca de subsist\u00eancia e a pesca profissional continuam com os mesmos regramentos\u201d, conclui. A pesca profissional continua com a cota de 400 Kg de pescado mensal.<\/p>\n","protected":false},"excerpt":{"rendered":"<p>O per\u00edodo de defeso chegou ao fim e a partir desta sexta-feira (1\u00ba), os rios&#8230;<\/p>\n","protected":false},"author":1,"featured_media":28902,"comment_status":"closed","ping_status":"closed","sticky":false,"template":"","format":"standard","meta":{"footnotes":""},"categories":[17],"tags":[],"class_list":["post-28900","post","type-post","status-publish","format-standard","has-post-thumbnail","hentry","category-meio-ambiente"],"_links":{"self":[{"href":"https:\/\/www.corumbaonline.com.br\/news\/wp-json\/wp\/v2\/posts\/28900","targetHints":{"allow":["GET"]}}],"collection":[{"href":"https:\/\/www.corumbaonline.com.br\/news\/wp-json\/wp\/v2\/posts"}],"about":[{"href":"https:\/\/www.corumbaonline.com.br\/news\/wp-json\/wp\/v2\/types\/post"}],"author":[{"embeddable":true,"href":"https:\/\/www.corumbaonline.com.br\/news\/wp-json\/wp\/v2\/users\/1"}],"replies":[{"embeddable":true,"href":"https:\/\/www.corumbaonline.com.br\/news\/wp-json\/wp\/v2\/comments?post=28900"}],"version-history":[{"count":2,"href":"https:\/\/www.corumbaonline.com.br\/news\/wp-json\/wp\/v2\/posts\/28900\/revisions"}],"predecessor-version":[{"id":28905,"href":"https:\/\/www.corumbaonline.com.br\/news\/wp-json\/wp\/v2\/posts\/28900\/revisions\/28905"}],"wp:featuredmedia":[{"embeddable":true,"href":"https:\/\/www.corumbaonline.com.br\/news\/wp-json\/wp\/v2\/media\/28902"}],"wp:attachment":[{"href":"https:\/\/www.corumbaonline.com.br\/news\/wp-json\/wp\/v2\/media?parent=28900"}],"wp:term":[{"taxonomy":"category","embeddable":true,"href":"https:\/\/www.corumbaonline.com.br\/news\/wp-json\/wp\/v2\/categories?post=28900"},{"taxonomy":"post_tag","embeddable":true,"href":"https:\/\/www.corumbaonline.com.br\/news\/wp-json\/wp\/v2\/tags?post=28900"}],"curies":[{"name":"wp","href":"https:\/\/api.w.org\/{rel}","templated":true}]}}