{"id":28907,"date":"2019-03-01T09:59:49","date_gmt":"2019-03-01T13:59:49","guid":{"rendered":"http:\/\/www.corumbaonline.com.br\/news\/?p=28907"},"modified":"2019-03-01T11:21:48","modified_gmt":"2019-03-01T15:21:48","slug":"carnaval-no-asilo-sao-jose-marca-folia-da-melhor-idade-em-corumba","status":"publish","type":"post","link":"https:\/\/www.corumbaonline.com.br\/news\/carnaval-no-asilo-sao-jose-marca-folia-da-melhor-idade-em-corumba\/","title":{"rendered":"Carnaval no Asilo S\u00e3o Jos\u00e9 marca folia da melhor idade em Corumb\u00e1"},"content":{"rendered":"<p>Alegria, anima\u00e7\u00e3o, gargalhadas, sorrisos e felicidade, estes s\u00e3o alguns dos sentimentos e express\u00f5es encontrados no Asilo S\u00e3o Jos\u00e9 na tarde desta quinta-feira, dia 28 de fevereiro. A Prefeitura de Corumb\u00e1, por interm\u00e9dio da Secretaria Especial de Cidadania e Direitos Humanos, realizou um carnaval que animou os idosos e visitantes que dan\u00e7aram ao som das tradicionais marchinhas tocadas pela Banda Municipal Manoel Flor\u00eancio.<\/p>\n<p>A Moradora do asilo, a Sra. Judite Dias de Rosa, expressou sua emo\u00e7\u00e3o, \u201cAqui \u00e9 um lugar especial para mim, quando eu era crian\u00e7a e n\u00e3o tinha aula eu corria para c\u00e1, gostava de brincar e ficar com as Senhoras que moravam aqui. Eu sempre assistia ao carnaval, eu adoro, mas n\u00e3o posso mais brincar. Mas hoje \u00e9 uma tarde especial, diferente, vamos nos divertir muito\u201d.<\/p>\n<p>O evento foi uma iniciativa da Coordenadoria da Terceira Idade e Educa\u00e7\u00e3o Inclusiva, com o objetivo de realizar o est\u00edmulo social nesta idade, \u201cEste evento foi preparado com muito carinho, o nosso objetivo \u00e9 trazer alegria, aten\u00e7\u00e3o, autoestima, para quem n\u00e3o pode sair, \u00e9 gratificante vir at\u00e9 aqui e proporcionar momentos assim para eles\u201d, conta a Coordenadora Ang\u00e9lica.<\/p>\n<p>Quem tamb\u00e9m aproveitou a festa, dan\u00e7ando e cantando, foi o Sr. Jorge da Silva, \u201cHoje me fez lembrar da minha juventude, quando tinha sa\u00fade, o Carnaval \u00e9 alegria, nos avisaram e n\u00f3s ficamos aguardando o dia chegar, vou me divertir at\u00e9 acabar\u201d.<\/p>\n<p>O evento contou com a participa\u00e7\u00e3o da Corte de Momo e do Grupo as Pastorinhas. A Sra. Cristina Fernandes, membro do grupo h\u00e1 quase 15 anos conta a satisfa\u00e7\u00e3o de prestigiar o evento, \u201cO carnaval em Corumb\u00e1 \u00e9 contagioso, \u00e9 t\u00e3o gostoso possibilitar momentos assim para eles, eles ficam t\u00e3o alegres\u201d.<\/p>\n<p>Atualmente o Asilo S\u00e3o Jos\u00e9 acolhe 73 idosos, quem quiser ajudar, com doa\u00e7\u00f5es ou trabalho volunt\u00e1rio,\u00a0basta\u00a0procurar a Presid\u00eancia. O Asilo fica localizado na\u00a0R: Colombo, 867, Centro. Telefone: (67) 3231-3888.<\/p>\n","protected":false},"excerpt":{"rendered":"<p>Alegria, anima\u00e7\u00e3o, gargalhadas, sorrisos e felicidade, estes s\u00e3o alguns dos sentimentos e express\u00f5es encontrados no&#8230;<\/p>\n","protected":false},"author":1,"featured_media":28909,"comment_status":"closed","ping_status":"closed","sticky":false,"template":"","format":"standard","meta":{"footnotes":""},"categories":[112],"tags":[],"class_list":["post-28907","post","type-post","status-publish","format-standard","has-post-thumbnail","hentry","category-carnaval-2019"],"_links":{"self":[{"href":"https:\/\/www.corumbaonline.com.br\/news\/wp-json\/wp\/v2\/posts\/28907","targetHints":{"allow":["GET"]}}],"collection":[{"href":"https:\/\/www.corumbaonline.com.br\/news\/wp-json\/wp\/v2\/posts"}],"about":[{"href":"https:\/\/www.corumbaonline.com.br\/news\/wp-json\/wp\/v2\/types\/post"}],"author":[{"embeddable":true,"href":"https:\/\/www.corumbaonline.com.br\/news\/wp-json\/wp\/v2\/users\/1"}],"replies":[{"embeddable":true,"href":"https:\/\/www.corumbaonline.com.br\/news\/wp-json\/wp\/v2\/comments?post=28907"}],"version-history":[{"count":1,"href":"https:\/\/www.corumbaonline.com.br\/news\/wp-json\/wp\/v2\/posts\/28907\/revisions"}],"predecessor-version":[{"id":28910,"href":"https:\/\/www.corumbaonline.com.br\/news\/wp-json\/wp\/v2\/posts\/28907\/revisions\/28910"}],"wp:featuredmedia":[{"embeddable":true,"href":"https:\/\/www.corumbaonline.com.br\/news\/wp-json\/wp\/v2\/media\/28909"}],"wp:attachment":[{"href":"https:\/\/www.corumbaonline.com.br\/news\/wp-json\/wp\/v2\/media?parent=28907"}],"wp:term":[{"taxonomy":"category","embeddable":true,"href":"https:\/\/www.corumbaonline.com.br\/news\/wp-json\/wp\/v2\/categories?post=28907"},{"taxonomy":"post_tag","embeddable":true,"href":"https:\/\/www.corumbaonline.com.br\/news\/wp-json\/wp\/v2\/tags?post=28907"}],"curies":[{"name":"wp","href":"https:\/\/api.w.org\/{rel}","templated":true}]}}