{"id":28908,"date":"2019-03-01T11:06:52","date_gmt":"2019-03-01T15:06:52","guid":{"rendered":"http:\/\/www.corumbaonline.com.br\/news\/?p=28908"},"modified":"2019-03-01T11:49:00","modified_gmt":"2019-03-01T15:49:00","slug":"definidos-os-integrantes-das-oito-comissoes-permanentes-da-camara","status":"publish","type":"post","link":"https:\/\/www.corumbaonline.com.br\/news\/definidos-os-integrantes-das-oito-comissoes-permanentes-da-camara\/","title":{"rendered":"Definidos os integrantes das oito comiss\u00f5es permanentes da C\u00e2mara"},"content":{"rendered":"<p><span style=\"color: #000000;\">Os integrantes das oito comiss\u00f5es permanentes da C\u00e2mara Municipal de Corumb\u00e1 do bi\u00eanio 2019\/2020, foram nomeados pelo presidente da Mesa Diretora, Roberto Gomes Fa\u00e7anha, por meio do Ato n\u00ba 003\/2019, com data de 18 de fevereiro de 2019, e publicado na edi\u00e7\u00e3o n\u00ba 1.614, do Di\u00e1rio Oficial do Munic\u00edpio, em conformidade com os artigos 44 e 47 do Regimento Interno do Poder Legislativo.<\/span><\/p>\n<p><span style=\"color: #000000;\">A Comiss\u00e3o de Justi\u00e7a e Reda\u00e7\u00e3o tem como presidente o vereador Ubiratan Canhete de Campos Filho (PSDB); Jos\u00e9 Tadeu Vieira Pereira (PDT), primeiro membro; Lu\u00eds Francisco de Almeida Vianna (SD), segundo membro; Manoel Rodrigues Pereira Neto (PRB), primeiro suplente, e Domingos Albaneze Neto (PV), segundo suplente.<\/span><\/p>\n<p><span style=\"color: #000000;\">Na Comiss\u00e3o de Finan\u00e7as e Or\u00e7amento, a presid\u00eancia ficou com o vereador Andr\u00e9 Luiz Pereira Fernandes (PTB); Manoel Rodrigues, segundo membro; Gabriel Alves de Oliveira (MDB), segundo membro; Tadeu Vieira (PDT), primeiro suplente, e Yussef Mohamad El Salla (PDT), segundo suplente.<\/span><\/p>\n<p><span style=\"color: #000000;\">A Comiss\u00e3o de Obras e Servi\u00e7os P\u00fablicos tem como presidente o vereador Manoel Rodrigues; Yussef Salla, primeiro membro; Gabriel Alves de Oliveira, segundo membro; Irailton Oliveira Santana (PSDB), primeiro suplente, e Tadeu Vieira, segundo suplente.<\/span><\/p>\n<p><span style=\"color: #000000;\">A Comiss\u00e3o de Educa\u00e7\u00e3o, Cultura e Lazer tem como presidente o vereador Irailton Oliveira Santana; Adelar Chefer dos Santos (PP) como primeiro membro; Yussef Salla como segundo membro; Ubiratan Filho como primeiro suplente, e Chic\u00e3o Vianna na segunda supl\u00eancia.<\/span><\/p>\n<p><span style=\"color: #000000;\">Na Comiss\u00e3o de Defesa do Consumidor ficou como presidente Tadeu Vieira; Domingos Albaneze Neto \u00e9 o primeiro membro; Jo\u00e3o M\u00e1rio Esteves de Lima (PP), segundo membro; Andr\u00e9 da Farm\u00e1cia, primeiro suplente, e Chic\u00e3o Vianna, segundo suplente.<\/span><\/p>\n<p><span style=\"color: #000000;\">A Comiss\u00e3o de Meio Ambiente e Turismo tem como presidente Antonio Rufo Sant\u2019anna Vinagre (PR); Adelar Chefer (Ga\u00facho da Pr\u00f3-Art), primeiro membro; Domingos Albaneze Neto, segundo membro; Jo\u00e3o M\u00e1rio, primeiro suplente, e Irailton Oliveira, segundo suplente.<\/span><\/p>\n<p><span style=\"color: #000000;\">A Comiss\u00e3o de Sa\u00fade e Assist\u00eancia Social \u00e9 presidida por Domingos Albaneze Neto; Jo\u00e3o M\u00e1rio \u00e9 o primeiro membro; Yussef Salla o segundo; Gabriel Alves de Oliveira, o primeiro suplente, e Tadeu Vieira, segundo suplente.<\/span><\/p>\n<p><span style=\"color: #000000;\">A Comiss\u00e3o de \u00c9tica e Decoro Parlamentar tem como presidente Domingos Albaneze Neto; Ubiratan Filho \u00e9 o primeiro membro; Tadeu Vieira o segundo membro; Manoel Rodrigues, primeiro suplente, e Ga\u00facho da Pr\u00f3-Art, segundo suplente.<\/span><\/p>\n","protected":false},"excerpt":{"rendered":"<p>Os integrantes das oito comiss\u00f5es permanentes da C\u00e2mara Municipal de Corumb\u00e1 do bi\u00eanio 2019\/2020, foram&#8230;<\/p>\n","protected":false},"author":1,"featured_media":28912,"comment_status":"closed","ping_status":"closed","sticky":false,"template":"","format":"standard","meta":{"footnotes":""},"categories":[19],"tags":[],"class_list":["post-28908","post","type-post","status-publish","format-standard","has-post-thumbnail","hentry","category-politica"],"_links":{"self":[{"href":"https:\/\/www.corumbaonline.com.br\/news\/wp-json\/wp\/v2\/posts\/28908","targetHints":{"allow":["GET"]}}],"collection":[{"href":"https:\/\/www.corumbaonline.com.br\/news\/wp-json\/wp\/v2\/posts"}],"about":[{"href":"https:\/\/www.corumbaonline.com.br\/news\/wp-json\/wp\/v2\/types\/post"}],"author":[{"embeddable":true,"href":"https:\/\/www.corumbaonline.com.br\/news\/wp-json\/wp\/v2\/users\/1"}],"replies":[{"embeddable":true,"href":"https:\/\/www.corumbaonline.com.br\/news\/wp-json\/wp\/v2\/comments?post=28908"}],"version-history":[{"count":1,"href":"https:\/\/www.corumbaonline.com.br\/news\/wp-json\/wp\/v2\/posts\/28908\/revisions"}],"predecessor-version":[{"id":28913,"href":"https:\/\/www.corumbaonline.com.br\/news\/wp-json\/wp\/v2\/posts\/28908\/revisions\/28913"}],"wp:featuredmedia":[{"embeddable":true,"href":"https:\/\/www.corumbaonline.com.br\/news\/wp-json\/wp\/v2\/media\/28912"}],"wp:attachment":[{"href":"https:\/\/www.corumbaonline.com.br\/news\/wp-json\/wp\/v2\/media?parent=28908"}],"wp:term":[{"taxonomy":"category","embeddable":true,"href":"https:\/\/www.corumbaonline.com.br\/news\/wp-json\/wp\/v2\/categories?post=28908"},{"taxonomy":"post_tag","embeddable":true,"href":"https:\/\/www.corumbaonline.com.br\/news\/wp-json\/wp\/v2\/tags?post=28908"}],"curies":[{"name":"wp","href":"https:\/\/api.w.org\/{rel}","templated":true}]}}